{"id":253,"date":"2017-09-25T19:23:46","date_gmt":"2017-09-25T17:23:46","guid":{"rendered":"https:\/\/kobietynauki.org\/?p=253"},"modified":"2020-08-02T08:10:48","modified_gmt":"2020-08-02T06:10:48","slug":"zapraszamy-na-konferencje-kobiety-wobec-dominacji-i-opresji-perspektywa-feministyczna","status":"publish","type":"post","link":"https:\/\/kobietynauki.org\/index.php\/2017\/09\/zapraszamy-na-konferencje-kobiety-wobec-dominacji-i-opresji-perspektywa-feministyczna\/","title":{"rendered":"Zapraszamy na konferencj\u0119 &#8222;Kobiety wobec dominacji i opresji. Perspektywa feministyczna&#8221;"},"content":{"rendered":"<p style=\"text-align: left;\">Serdecznie zapraszamy do udzia\u0142u w konferencji &#8222;Kobiety wobec dominacji i opresji. Perspektywa feministyczna. Wydarzenie odb\u0119dzie si\u0119 w Uniwersytecie \u0141\u00f3dzkim 6-8 pa\u017adziernika 2017.<\/p>\n<h3 style=\"text-align: center;\">II Konferencja Interdyscyplinarnego Seminarium Gender<br \/>\noraz<br \/>\nInstytutu Etnologii i Antropologii Kulturowej U\u0141, Instytutu Kultury Wsp\u00f3\u0142czesnej U\u0141,<br \/>\nWydzia\u0142u Organizacji i Zarz\u0105dzania P\u0141, Katedry Socjologii Polityki i Moralno\u015bci U\u0141,<br \/>\nWydzia\u0142u Studi\u00f3w Mi\u0119dzynarodowych i Politologicznych U\u0141, Akademii Humanistyczno-Ekonomicznej w \u0141odzi<\/h3>\n<h2 style=\"text-align: center;\">Kobiety wobec dominacji i opresji. Perspektywa feministyczna<br \/>\n6-8 pa\u017adziernika 2017 roku, \u0141\u00f3d\u017a<br \/>\nUniwersytet \u0141\u00f3dzki<\/h2>\n<h2 style=\"text-align: center;\">Serdecznie zapraszamy<\/h2>\n<p style=\"text-align: left;\"><strong>szczeg\u00f3\u0142y na:\u00a0<a href=\"http:\/\/feminoteka.pl\/lodz-konferencja-kobiety-wobec-dominacji-i-opresji-perspektywa-feministyczna\" target=\"_blank\" rel=\"noopener\">http:\/\/feminoteka.pl\/lodz-konferencja-kobiety-wobec-dominacji-i-opresji-perspektywa-feministyczna<\/a>\/<\/strong><\/p>\n<p>&nbsp;<\/p>\n<!--themify_builder_content-->\n<div id=\"themify_builder_content-253\" data-postid=\"253\" class=\"themify_builder_content themify_builder_content-253 themify_builder tf_clear\">\n    <\/div>\n<!--\/themify_builder_content-->\n","protected":false},"excerpt":{"rendered":"<p>Serdecznie zapraszamy do udzia\u0142u w konferencji &#8222;Kobiety wobec dominacji i opresji. Perspektywa feministyczna. Wydarzenie odb\u0119dzie si\u0119 w Uniwersytecie \u0141\u00f3dzkim 6-8 pa\u017adziernika 2017. II Konferencja Interdyscyplinarnego Seminarium Gender oraz Instytutu Etnologii i Antropologii Kulturowej U\u0141, Instytutu Kultury Wsp\u00f3\u0142czesnej U\u0141, Wydzia\u0142u Organizacji i Zarz\u0105dzania P\u0141, Katedry Socjologii Polityki i Moralno\u015bci U\u0141, Wydzia\u0142u Studi\u00f3w Mi\u0119dzynarodowych i Politologicznych U\u0141, [&hellip;]<\/p>\n","protected":false},"author":3,"featured_media":0,"comment_status":"closed","ping_status":"open","sticky":false,"template":"","format":"standard","meta":{"footnotes":""},"categories":[11,10],"tags":[12,13],"class_list":["post-253","post","type-post","status-publish","format-standard","hentry","category-gender","category-konferencja","tag-gender","tag-konferencja","has-post-title","has-post-date","has-post-category","has-post-tag","has-post-comment","has-post-author",""],"builder_content":"","_links":{"self":[{"href":"https:\/\/kobietynauki.org\/index.php\/wp-json\/wp\/v2\/posts\/253","targetHints":{"allow":["GET"]}}],"collection":[{"href":"https:\/\/kobietynauki.org\/index.php\/wp-json\/wp\/v2\/posts"}],"about":[{"href":"https:\/\/kobietynauki.org\/index.php\/wp-json\/wp\/v2\/types\/post"}],"author":[{"embeddable":true,"href":"https:\/\/kobietynauki.org\/index.php\/wp-json\/wp\/v2\/users\/3"}],"replies":[{"embeddable":true,"href":"https:\/\/kobietynauki.org\/index.php\/wp-json\/wp\/v2\/comments?post=253"}],"version-history":[{"count":3,"href":"https:\/\/kobietynauki.org\/index.php\/wp-json\/wp\/v2\/posts\/253\/revisions"}],"predecessor-version":[{"id":343,"href":"https:\/\/kobietynauki.org\/index.php\/wp-json\/wp\/v2\/posts\/253\/revisions\/343"}],"wp:attachment":[{"href":"https:\/\/kobietynauki.org\/index.php\/wp-json\/wp\/v2\/media?parent=253"}],"wp:term":[{"taxonomy":"category","embeddable":true,"href":"https:\/\/kobietynauki.org\/index.php\/wp-json\/wp\/v2\/categories?post=253"},{"taxonomy":"post_tag","embeddable":true,"href":"https:\/\/kobietynauki.org\/index.php\/wp-json\/wp\/v2\/tags?post=253"}],"curies":[{"name":"wp","href":"https:\/\/api.w.org\/{rel}","templated":true}]}}