{"id":1962,"date":"2026-09-04T00:17:53","date_gmt":"2026-09-03T23:17:53","guid":{"rendered":"https:\/\/kobietynauki.org\/?p=1962"},"modified":"2026-09-04T00:18:41","modified_gmt":"2026-09-03T23:18:41","slug":"xviii-kongres-kobiet-juz-5-6-wrzesnia-2026","status":"publish","type":"post","link":"https:\/\/kobietynauki.org\/index.php\/2026\/09\/xviii-kongres-kobiet-juz-5-6-wrzesnia-2026\/","title":{"rendered":"XVIII Kongres Kobiet ju\u017c 5-6 wrze\u015bnia 2026!"},"content":{"rendered":"<!--themify_builder_content-->\n<div id=\"themify_builder_content-1962\" data-postid=\"1962\" class=\"themify_builder_content themify_builder_content-1962 themify_builder tf_clear\">\n                    <div  data-lazy=\"1\" class=\"module_row themify_builder_row tb_1zjr598 tb_first tf_w\">\n                        <div class=\"row_inner col_align_top tb_col_count_1 tf_box tf_rel\">\n                        <div  data-lazy=\"1\" class=\"module_column tb-column col-full tb_qk4t599 first\">\n                    <!-- module text -->\n<div  class=\"module module-text tb_qxfv939   \" data-lazy=\"1\">\n        <div  class=\"tb_text_wrap\">\n        <p><span style=\"font-weight: 400;\">W tym roku w najbli\u017csz\u0105 sobot\u0119 i niedziel\u0119 spotkamy si\u0119 w Krakowie w Centrum Kongresowym ICE. Towarzyszy\u0107 nam b\u0119dzie has\u0142o: Demokracja, R\u00f3wno\u015b\u0107, Solidarno\u015b\u0107.<\/span><\/p><p><span style=\"font-weight: 400;\">Z organizatorem wydarzenia, Stowarzyszeniem Kongres Kobiet, \u0142\u0105cz\u0105 nas warto\u015bci takie jak r\u00f3wno\u015b\u0107 kobiet i m\u0119\u017cczyzn i obywatelskie zaanga\u017cowanie.\u00a0<\/span><\/p><p><span style=\"font-weight: 400;\">Podczas Kongresu, jak zawsze, przewidziane s\u0105 sesje plenarne, panele i warsztaty oraz strefa NGO i Park Kobiet.\u00a0<\/span><\/p><p><span style=\"font-weight: 400;\">Nasz\u0105 Fundacj\u0119 znajdziecie w strefie NGO: zapraszamy po informacje i inspiracje. Z nami mo\u017cecie porozmawia\u0107 o kobietach w nauce i STEM, stoj\u0105cych przed nimi wyzwaniach i \u015bcie\u017ckach rozwoju kariery. Ch\u0119tnie podzielimy si\u0119 nasz\u0105 wiedz\u0105 i do\u015bwiadczeniem.\u00a0<\/span><\/p><p><span style=\"font-weight: 400;\">W pierwszym dniu Kongresu na naszym stoisku b\u0119dzie mo\u017cna uzyska\u0107 porad\u0119 prawn\u0105 w zakresie ochrony w\u0142asno\u015bci intelektualnej &#8211; zapraszamy na dy\u017cur prawniczki w sobot\u0119 w godz. 12.00-14.00.\u00a0<\/span><\/p><p><span style=\"font-weight: 400;\">W sobot\u0119 i w niedziel\u0119 (14.00-16.00) b\u0119dziecie mie\u0107 okazj\u0119 porozmawiania z ekspertkami na temat dyrektywy Women on Boards i zwi\u0119kszania udzia\u0142u kobiet w organach decyzyjnych sp\u00f3\u0142ek gie\u0142dowych.\u00a0<\/span><\/p><p><span style=\"font-weight: 400;\">W niedziel\u0119 (12.00-14.00) nasze ekspertki odpowiedz\u0105 na pytania z obszaru odpowiedzialnych bada\u0144 i innowacji (RRI).\u00a0<\/span><\/p><p><span style=\"font-weight: 400;\">Rezerwujcie czasu 5 i 6 wrze\u015bnia 2026 i do zobaczenia na Kongresie!<\/span><\/p>    <\/div>\n<\/div>\n<!-- \/module text -->        <\/div>\n                        <\/div>\n        <\/div>\n                        <div  data-lazy=\"1\" class=\"module_row themify_builder_row tb_g8tu514 tf_w\">\n                        <div class=\"row_inner col_align_top tb_col_count_1 tf_box tf_rel\">\n                        <div  data-lazy=\"1\" class=\"module_column tb-column col-full tb_uciu514 first\">\n                    <!-- module image -->\n<div  class=\"module module-image tb_3jpm494 image-center   tf_mw\" data-lazy=\"1\">\n        <div class=\"image-wrap tf_rel tf_mw\">\n            <img loading=\"lazy\" decoding=\"async\" width=\"959\" height=\"968\" src=\"https:\/\/kobietynauki.org\/wp-content\/uploads\/2026\/09\/kongres.jpg\" class=\"wp-post-image wp-image-1963\" title=\"kongres\" alt=\"kongres\" srcset=\"https:\/\/kobietynauki.org\/wp-content\/uploads\/2026\/09\/kongres.jpg 959w, https:\/\/kobietynauki.org\/wp-content\/uploads\/2026\/09\/kongres-297x300.jpg 297w, https:\/\/kobietynauki.org\/wp-content\/uploads\/2026\/09\/kongres-150x150.jpg 150w, https:\/\/kobietynauki.org\/wp-content\/uploads\/2026\/09\/kongres-768x775.jpg 768w\" sizes=\"auto, (max-width: 959px) 100vw, 959px\" \/>    \n        <\/div>\n    <!-- \/image-wrap -->\n    \n        <\/div>\n<!-- \/module image -->        <\/div>\n                        <\/div>\n        <\/div>\n        <\/div>\n<!--\/themify_builder_content-->","protected":false},"excerpt":{"rendered":"<p>W tym roku w najbli\u017csz\u0105 sobot\u0119 i niedziel\u0119 spotkamy si\u0119 w Krakowie w Centrum Kongresowym ICE. Towarzyszy\u0107 nam b\u0119dzie has\u0142o: Demokracja, R\u00f3wno\u015b\u0107, Solidarno\u015b\u0107.Z organizatorem wydarzenia, Stowarzyszeniem Kongres Kobiet, \u0142\u0105cz\u0105 nas warto\u015bci takie jak r\u00f3wno\u015b\u0107 kobiet i m\u0119\u017cczyzn i obywatelskie zaanga\u017cowanie.\u00a0Podczas Kongresu, jak zawsze, przewidziane s\u0105 sesje plenarne, panele i warsztaty oraz strefa NGO i Park [&hellip;]<\/p>\n","protected":false},"author":5,"featured_media":0,"comment_status":"closed","ping_status":"open","sticky":false,"template":"","format":"standard","meta":{"footnotes":""},"categories":[11,4,10,1],"tags":[],"class_list":["post-1962","post","type-post","status-publish","format-standard","hentry","category-gender","category-innowacje","category-konferencja","category-nauka","has-post-title","has-post-date","has-post-category","has-post-tag","has-post-comment","has-post-author",""],"builder_content":"<p>W tym roku w najbli\u017csz\u0105 sobot\u0119 i niedziel\u0119 spotkamy si\u0119 w Krakowie w Centrum Kongresowym ICE. Towarzyszy\u0107 nam b\u0119dzie has\u0142o: Demokracja, R\u00f3wno\u015b\u0107, Solidarno\u015b\u0107.<\/p><p>Z organizatorem wydarzenia, Stowarzyszeniem Kongres Kobiet, \u0142\u0105cz\u0105 nas warto\u015bci takie jak r\u00f3wno\u015b\u0107 kobiet i m\u0119\u017cczyzn i obywatelskie zaanga\u017cowanie.\u00a0<\/p><p>Podczas Kongresu, jak zawsze, przewidziane s\u0105 sesje plenarne, panele i warsztaty oraz strefa NGO i Park Kobiet.\u00a0<\/p><p>Nasz\u0105 Fundacj\u0119 znajdziecie w strefie NGO: zapraszamy po informacje i inspiracje. Z nami mo\u017cecie porozmawia\u0107 o kobietach w nauce i STEM, stoj\u0105cych przed nimi wyzwaniach i \u015bcie\u017ckach rozwoju kariery. Ch\u0119tnie podzielimy si\u0119 nasz\u0105 wiedz\u0105 i do\u015bwiadczeniem.\u00a0<\/p><p>W pierwszym dniu Kongresu na naszym stoisku b\u0119dzie mo\u017cna uzyska\u0107 porad\u0119 prawn\u0105 w zakresie ochrony w\u0142asno\u015bci intelektualnej - zapraszamy na dy\u017cur prawniczki w sobot\u0119 w godz. 12.00-14.00.\u00a0<\/p><p>W sobot\u0119 i w niedziel\u0119 (14.00-16.00) b\u0119dziecie mie\u0107 okazj\u0119 porozmawiania z ekspertkami na temat dyrektywy Women on Boards i zwi\u0119kszania udzia\u0142u kobiet w organach decyzyjnych sp\u00f3\u0142ek gie\u0142dowych.\u00a0<\/p><p>W niedziel\u0119 (12.00-14.00) nasze ekspertki odpowiedz\u0105 na pytania z obszaru odpowiedzialnych bada\u0144 i innowacji (RRI).\u00a0<\/p><p>Rezerwujcie czasu 5 i 6 wrze\u015bnia 2026 i do zobaczenia na Kongresie!<\/p>\n<img src=\"https:\/\/kobietynauki.org\/wp-content\/uploads\/2026\/09\/kongres.jpg\" title=\"kongres\" alt=\"kongres\" srcset=\"https:\/\/kobietynauki.org\/wp-content\/uploads\/2026\/09\/kongres.jpg 959w, https:\/\/kobietynauki.org\/wp-content\/uploads\/2026\/09\/kongres-297x300.jpg 297w, https:\/\/kobietynauki.org\/wp-content\/uploads\/2026\/09\/kongres-150x150.jpg 150w, https:\/\/kobietynauki.org\/wp-content\/uploads\/2026\/09\/kongres-768x775.jpg 768w\" sizes=\"(max-width: 959px) 100vw, 959px\" \/>","_links":{"self":[{"href":"https:\/\/kobietynauki.org\/index.php\/wp-json\/wp\/v2\/posts\/1962","targetHints":{"allow":["GET"]}}],"collection":[{"href":"https:\/\/kobietynauki.org\/index.php\/wp-json\/wp\/v2\/posts"}],"about":[{"href":"https:\/\/kobietynauki.org\/index.php\/wp-json\/wp\/v2\/types\/post"}],"author":[{"embeddable":true,"href":"https:\/\/kobietynauki.org\/index.php\/wp-json\/wp\/v2\/users\/5"}],"replies":[{"embeddable":true,"href":"https:\/\/kobietynauki.org\/index.php\/wp-json\/wp\/v2\/comments?post=1962"}],"version-history":[{"count":2,"href":"https:\/\/kobietynauki.org\/index.php\/wp-json\/wp\/v2\/posts\/1962\/revisions"}],"predecessor-version":[{"id":1965,"href":"https:\/\/kobietynauki.org\/index.php\/wp-json\/wp\/v2\/posts\/1962\/revisions\/1965"}],"wp:attachment":[{"href":"https:\/\/kobietynauki.org\/index.php\/wp-json\/wp\/v2\/media?parent=1962"}],"wp:term":[{"taxonomy":"category","embeddable":true,"href":"https:\/\/kobietynauki.org\/index.php\/wp-json\/wp\/v2\/categories?post=1962"},{"taxonomy":"post_tag","embeddable":true,"href":"https:\/\/kobietynauki.org\/index.php\/wp-json\/wp\/v2\/tags?post=1962"}],"curies":[{"name":"wp","href":"https:\/\/api.w.org\/{rel}","templated":true}]}}