{"id":1814,"date":"2025-05-19T19:37:32","date_gmt":"2025-05-19T18:37:32","guid":{"rendered":"https:\/\/kobietynauki.org\/?p=1814"},"modified":"2025-05-19T19:38:40","modified_gmt":"2025-05-19T18:38:40","slug":"zapraszamy-na-kolejna-edycje-ml-in-pl-conference","status":"publish","type":"post","link":"https:\/\/kobietynauki.org\/index.php\/2025\/05\/zapraszamy-na-kolejna-edycje-ml-in-pl-conference\/","title":{"rendered":"Zapraszamy na kolejn\u0105 edycj\u0119 ML in PL Conference"},"content":{"rendered":"<!--themify_builder_content-->\n<div id=\"themify_builder_content-1814\" data-postid=\"1814\" class=\"themify_builder_content themify_builder_content-1814 themify_builder tf_clear\">\n                    <div  data-lazy=\"1\" class=\"module_row themify_builder_row tb_aoq1448 tb_first tf_w\">\n                        <div class=\"row_inner col_align_top tb_col_count_1 tf_box tf_rel\">\n                        <div  data-lazy=\"1\" class=\"module_column tb-column col-full tb_b2yv448 first\">\n                    <!-- module text -->\n<div  class=\"module module-text tb_ksi9528   \" data-lazy=\"1\">\n        <div  class=\"tb_text_wrap\">\n        <p><span style=\"font-weight: 400;\">ML in PL Conference (Konferencja ML in PL) to coroczna konferencja o charakterze naukowym dotycz\u0105ca uczenia maszynowego i sztucznej inteligencji. Jest to najwi\u0119ksze tego typu wydarzenie w Polsce \u0142\u0105cz\u0105ce nauk\u0119\u00a0oraz biznes, obj\u0119te honorowym patronatem obj\u0119te Centrum Nauki Kopernik. Zach\u0119camy do odwiedzenia tegorocznej strony internetowej: <\/span><a href=\"https:\/\/conference.mlinpl.org\/\"><span style=\"font-weight: 400;\">https:\/\/conference.mlinpl.org\/<\/span><\/a><span style=\"font-weight: 400;\"> jak r\u00f3wnie\u017c\u00a0<\/span><a href=\"https:\/\/conference2024.mlinpl.org\/\"><span style=\"font-weight: 400;\">zesz\u0142orocznej<\/span><\/a><span style=\"font-weight: 400;\">.<\/span><\/p><p><span style=\"font-weight: 400;\">Konferencja organizowana jest przez <\/span><a href=\"http:\/\/mlinpl.org\"><span style=\"font-weight: 400;\">Stowarzyszenie ML in PL<\/span><\/a><span style=\"font-weight: 400;\"> \u2013 pozarz\u0105dow\u0105 organizacj\u0119 zajmuj\u0105c\u0105 si\u0119 promowaniem rozwoju uczenia maszynowego w Polsce. Organizatorami konferencji s\u0105 w znacznej wi\u0119kszo\u015bci studenci, kt\u00f3rzy nieodp\u0142atnie organizuj\u0105 to wydarzenie w swoim wolnym czasie.<\/span><\/p><p><span style=\"font-weight: 400;\">W ci\u0105gu kolejnych edycji inicjatywa rozros\u0142a si\u0119, ka\u017cdego roku \u015bci\u0105gaj\u0105c wi\u0119cej uczestnik\u00f3w (podczas ostatniej edycji oko\u0142o 600) i zapraszaj\u0105c coraz wi\u0119cej go\u015bci z ca\u0142ego \u015bwiata. Zach\u0119camy do obejrzenia kr\u00f3tkiego aftermovie z konferencji <\/span><a href=\"https:\/\/www.youtube.com\/watch?v=1hWhnVXhq3s\"><span style=\"font-weight: 400;\">2023<\/span><\/a><span style=\"font-weight: 400;\"> oraz <\/span><a href=\"https:\/\/youtu.be\/qhWDSUFMiWM\"><span style=\"font-weight: 400;\">2024<\/span><\/a><span style=\"font-weight: 400;\">.<\/span><\/p><p><span style=\"font-weight: 400;\">Tegoroczna konferencja trwa\u0107 b\u0119dzie od 15 do 18 pa\u017adziernika 2025 roku. G\u0142\u00f3wna cz\u0119\u015b\u0107 konferencji (15\u201317 pa\u017adziernika) odbywa si\u0119\u00a0w Centrum Nauki Kopernik w Warszawie. W programie wydarzenia znajd\u0105\u00a0si\u0119 m.in.<\/span><\/p><ul><li aria-level=\"1\"><b>Wyj\u0105tkowi go\u015bcie w ramach Invited Talks:<\/b><span style=\"font-weight: 400;\"> W tym momencie w\u015br\u00f3d potwierdzonych prelegent\u00f3w znajduj\u0105\u00a0si\u0119 m.in.<\/span><\/li><\/ul><ul><li aria-level=\"2\"><b>Mihaela van der Schaar <\/b><span style=\"font-weight: 400;\">(University of Cambridge)<\/span><\/li><\/ul><ul><li style=\"list-style-type: none;\"><ul><li style=\"list-style-type: none;\"><ul><li style=\"font-weight: 400;\" aria-level=\"2\"><b>Bart\u0142omiej Papie\u017c<\/b><span style=\"font-weight: 400;\"> (University of Oxford)<\/span><\/li><li style=\"font-weight: 400;\" aria-level=\"2\"><b>Sara Magliacane<\/b><span style=\"font-weight: 400;\"> (University Amsterdam)<\/span><\/li><li style=\"font-weight: 400;\" aria-level=\"2\"><b>Antonio Orvieto<\/b><span style=\"font-weight: 400;\"> (ELLIS Institute T\u00fcbingen, Max Planck Institute for Intelligent Systems)<\/span><\/li><li style=\"font-weight: 400;\" aria-level=\"2\"><b>Francesco Locatello<\/b><span style=\"font-weight: 400;\"> (Institute of Science and Technology Austria, Chan Zuckerberg Initiative)<\/span><\/li><li style=\"font-weight: 400;\" aria-level=\"2\"><b>Gitta Kutyniok<\/b><span style=\"font-weight: 400;\"> (Ludwig Maximilian University of Munich)<\/span><\/li><\/ul><\/li><\/ul><\/li><\/ul><ul><li aria-level=\"2\"><b>Johannes Brandstetter<\/b><span style=\"font-weight: 400;\"> (Johannes Kepler University Linz)<\/span><\/li><\/ul><ul><li style=\"list-style-type: none;\"><ul><li style=\"list-style-type: none;\"><ul><li style=\"font-weight: 400;\" aria-level=\"2\"><b>Lisa Lee<\/b><span style=\"font-weight: 400;\"> (Google DeepMind)<\/span><\/li><li style=\"font-weight: 400;\" aria-level=\"2\"><span style=\"font-weight: 400;\">Najbardziej aktualn\u0105 lista go\u015bci b\u0119dzie mo\u017cna znale\u017a\u0107 na naszej <\/span><a href=\"https:\/\/conference.mlinpl.org\/\"><span style=\"font-weight: 400;\">stronie internetowej<\/span><\/a><span style=\"font-weight: 400;\">.<\/span><\/li><\/ul><\/li><li style=\"font-weight: 400;\" aria-level=\"1\"><b>3 panele dyskusyjne<\/b><span style=\"font-weight: 400;\">:<\/span><\/li><\/ul><\/li><\/ul><ul><li aria-level=\"2\"><b>AI in Security<\/b><\/li><\/ul><ul><li aria-level=\"2\"><b>Open models, open data<\/b><\/li><\/ul><ul><li aria-level=\"2\"><b>PL in ML: Polish View on Machine Learning<\/b><\/li><\/ul><ul><li aria-level=\"1\"><b>Rozdanie nagrody im. Witolda Lipskiego<\/b><\/li><\/ul><ul><li aria-level=\"2\"><span style=\"font-weight: 400;\">Od 2023 roku stowarzyszenie ML in PL wsp\u00f3\u0142pracuje z organizatorami nagrody im. Witolda Lipskiego, kt\u00f3rej celem jest promowanie rozwoju informatyki w Polsce. Podczas ML in PL Conference nast\u0105pi wr\u0119czenie nagr\u00f3d oraz prezentacje laureat\u00f3w.<\/span><\/li><\/ul><ul><li aria-level=\"1\"><b>After Party<\/b><\/li><\/ul><p><span style=\"font-weight: 400;\">W ramach konkursu Call for Contributions\u00a0 mo\u017cna zaprezentowa\u0107 w\u0142asn\u0105\u00a0prac\u0119. Zg\u0142oszenia organizatorzy przyjmuj\u0105 od pocz\u0105tku maja do ko\u0144ca lipca pod adresem <\/span><a href=\"https:\/\/mlinpl2025cfc.paperform.co\/\"><span style=\"font-weight: 400;\">https:\/\/mlinpl2025cfc.paperform.co\/<\/span><\/a><span style=\"font-weight: 400;\">. Swoj\u0105 prac\u0119 mo\u017cna zg\u0142osi\u0107 jako kr\u00f3tki wyk\u0142ad (Talk), lub poster. W zesz\u0142ym roku 24 najlepsze talki i 63 postery by\u0142y prezentowane podczas konferencji, w tym roku spodziewamy si\u0119 podobnych statystyk.\u00a0<\/span><\/p><p><span style=\"font-weight: 400;\">Od 1 maja trwa tak\u017ce rejestracja Early Bird, podczas kt\u00f3rej wybrane osoby po przes\u0142aniu zg\u0142oszenia i motywacji mog\u0105 otrzyma\u0107 bilet w ni\u017cszej cenie. Regularna sprzeda\u017c bilet\u00f3w planowana jest na 25 sierpnia. Pe\u0142ny i aktualny timeline wydarzenia jest dost\u0119pny na stronie internetowej wydarzenia: <\/span><a href=\"https:\/\/conference.mlinpl.org\/#timeline\"><span style=\"font-weight: 400;\">https:\/\/conference.mlinpl.org\/#timeline<\/span><\/a><span style=\"font-weight: 400;\">.<br \/><\/span><\/p><p>\u00a0<\/p>    <\/div>\n<\/div>\n<!-- \/module text -->        <\/div>\n                        <\/div>\n        <\/div>\n                        <div  data-lazy=\"1\" class=\"module_row themify_builder_row tb_tuhc864 tf_w\">\n                        <div class=\"row_inner col_align_top tb_col_count_1 tf_box tf_rel\">\n                        <div  data-lazy=\"1\" class=\"module_column tb-column col-full tb_eo63865 first\">\n                    <!-- module image -->\n<div  class=\"module module-image tb_tipw848 image-center   tf_mw\" data-lazy=\"1\">\n        <div class=\"image-wrap tf_rel tf_mw\">\n            <img loading=\"lazy\" decoding=\"async\" width=\"938\" height=\"938\" src=\"https:\/\/kobietynauki.org\/wp-content\/uploads\/2025\/05\/8.png\" class=\"wp-post-image wp-image-1815\" title=\"8\" alt=\"8\" srcset=\"https:\/\/kobietynauki.org\/wp-content\/uploads\/2025\/05\/8.png 938w, https:\/\/kobietynauki.org\/wp-content\/uploads\/2025\/05\/8-300x300.png 300w, https:\/\/kobietynauki.org\/wp-content\/uploads\/2025\/05\/8-150x150.png 150w, https:\/\/kobietynauki.org\/wp-content\/uploads\/2025\/05\/8-768x768.png 768w\" sizes=\"auto, (max-width: 938px) 100vw, 938px\" \/>    \n        <\/div>\n    <!-- \/image-wrap -->\n    \n        <\/div>\n<!-- \/module image -->        <\/div>\n                        <\/div>\n        <\/div>\n        <\/div>\n<!--\/themify_builder_content-->","protected":false},"excerpt":{"rendered":"<p>ML in PL Conference (Konferencja ML in PL) to coroczna konferencja o charakterze naukowym dotycz\u0105ca uczenia maszynowego i sztucznej inteligencji. Jest to najwi\u0119ksze tego typu wydarzenie w Polsce \u0142\u0105cz\u0105ce nauk\u0119\u00a0oraz biznes, obj\u0119te honorowym patronatem obj\u0119te Centrum Nauki Kopernik. Zach\u0119camy do odwiedzenia tegorocznej strony internetowej: https:\/\/conference.mlinpl.org\/ jak r\u00f3wnie\u017c\u00a0zesz\u0142orocznej.Konferencja organizowana jest przez Stowarzyszenie ML in PL \u2013 [&hellip;]<\/p>\n","protected":false},"author":5,"featured_media":0,"comment_status":"closed","ping_status":"open","sticky":false,"template":"","format":"standard","meta":{"footnotes":""},"categories":[11,10,1],"tags":[],"class_list":["post-1814","post","type-post","status-publish","format-standard","hentry","category-gender","category-konferencja","category-nauka","has-post-title","has-post-date","has-post-category","has-post-tag","has-post-comment","has-post-author",""],"builder_content":"<p>ML in PL Conference (Konferencja ML in PL) to coroczna konferencja o charakterze naukowym dotycz\u0105ca uczenia maszynowego i sztucznej inteligencji. Jest to najwi\u0119ksze tego typu wydarzenie w Polsce \u0142\u0105cz\u0105ce nauk\u0119\u00a0oraz biznes, obj\u0119te honorowym patronatem obj\u0119te Centrum Nauki Kopernik. Zach\u0119camy do odwiedzenia tegorocznej strony internetowej: <a href=\"https:\/\/conference.mlinpl.org\/\">https:\/\/conference.mlinpl.org\/<\/a> jak r\u00f3wnie\u017c\u00a0<a href=\"https:\/\/conference2024.mlinpl.org\/\">zesz\u0142orocznej<\/a>.<\/p><p>Konferencja organizowana jest przez <a href=\"http:\/\/mlinpl.org\">Stowarzyszenie ML in PL<\/a> \u2013 pozarz\u0105dow\u0105 organizacj\u0119 zajmuj\u0105c\u0105 si\u0119 promowaniem rozwoju uczenia maszynowego w Polsce. Organizatorami konferencji s\u0105 w znacznej wi\u0119kszo\u015bci studenci, kt\u00f3rzy nieodp\u0142atnie organizuj\u0105 to wydarzenie w swoim wolnym czasie.<\/p><p>W ci\u0105gu kolejnych edycji inicjatywa rozros\u0142a si\u0119, ka\u017cdego roku \u015bci\u0105gaj\u0105c wi\u0119cej uczestnik\u00f3w (podczas ostatniej edycji oko\u0142o 600) i zapraszaj\u0105c coraz wi\u0119cej go\u015bci z ca\u0142ego \u015bwiata. Zach\u0119camy do obejrzenia kr\u00f3tkiego aftermovie z konferencji <a href=\"https:\/\/www.youtube.com\/watch?v=1hWhnVXhq3s\">2023<\/a> oraz <a href=\"https:\/\/youtu.be\/qhWDSUFMiWM\">2024<\/a>.<\/p><p>Tegoroczna konferencja trwa\u0107 b\u0119dzie od 15 do 18 pa\u017adziernika 2025 roku. G\u0142\u00f3wna cz\u0119\u015b\u0107 konferencji (15\u201317 pa\u017adziernika) odbywa si\u0119\u00a0w Centrum Nauki Kopernik w Warszawie. W programie wydarzenia znajd\u0105\u00a0si\u0119 m.in.<\/p><ul><li aria-level=\"1\"><b>Wyj\u0105tkowi go\u015bcie w ramach Invited Talks:<\/b> W tym momencie w\u015br\u00f3d potwierdzonych prelegent\u00f3w znajduj\u0105\u00a0si\u0119 m.in.<\/li><\/ul><ul><li aria-level=\"2\"><b>Mihaela van der Schaar <\/b>(University of Cambridge)<\/li><\/ul><ul><li style=\"list-style-type: none;\"><ul><li style=\"list-style-type: none;\"><ul><li style=\"font-weight: 400;\" aria-level=\"2\"><b>Bart\u0142omiej Papie\u017c<\/b> (University of Oxford)<\/li><li style=\"font-weight: 400;\" aria-level=\"2\"><b>Sara Magliacane<\/b> (University Amsterdam)<\/li><li style=\"font-weight: 400;\" aria-level=\"2\"><b>Antonio Orvieto<\/b> (ELLIS Institute T\u00fcbingen, Max Planck Institute for Intelligent Systems)<\/li><li style=\"font-weight: 400;\" aria-level=\"2\"><b>Francesco Locatello<\/b> (Institute of Science and Technology Austria, Chan Zuckerberg Initiative)<\/li><li style=\"font-weight: 400;\" aria-level=\"2\"><b>Gitta Kutyniok<\/b> (Ludwig Maximilian University of Munich)<\/li><\/ul><\/li><\/ul><\/li><\/ul><ul><li aria-level=\"2\"><b>Johannes Brandstetter<\/b> (Johannes Kepler University Linz)<\/li><\/ul><ul><li style=\"list-style-type: none;\"><ul><li style=\"list-style-type: none;\"><ul><li style=\"font-weight: 400;\" aria-level=\"2\"><b>Lisa Lee<\/b> (Google DeepMind)<\/li><li style=\"font-weight: 400;\" aria-level=\"2\">Najbardziej aktualn\u0105 lista go\u015bci b\u0119dzie mo\u017cna znale\u017a\u0107 na naszej <a href=\"https:\/\/conference.mlinpl.org\/\">stronie internetowej<\/a>.<\/li><\/ul><\/li><li style=\"font-weight: 400;\" aria-level=\"1\"><b>3 panele dyskusyjne<\/b>:<\/li><\/ul><\/li><\/ul><ul><li aria-level=\"2\"><b>AI in Security<\/b><\/li><\/ul><ul><li aria-level=\"2\"><b>Open models, open data<\/b><\/li><\/ul><ul><li aria-level=\"2\"><b>PL in ML: Polish View on Machine Learning<\/b><\/li><\/ul><ul><li aria-level=\"1\"><b>Rozdanie nagrody im. Witolda Lipskiego<\/b><\/li><\/ul><ul><li aria-level=\"2\">Od 2023 roku stowarzyszenie ML in PL wsp\u00f3\u0142pracuje z organizatorami nagrody im. Witolda Lipskiego, kt\u00f3rej celem jest promowanie rozwoju informatyki w Polsce. Podczas ML in PL Conference nast\u0105pi wr\u0119czenie nagr\u00f3d oraz prezentacje laureat\u00f3w.<\/li><\/ul><ul><li aria-level=\"1\"><b>After Party<\/b><\/li><\/ul><p>W ramach konkursu Call for Contributions\u00a0 mo\u017cna zaprezentowa\u0107 w\u0142asn\u0105\u00a0prac\u0119. Zg\u0142oszenia organizatorzy przyjmuj\u0105 od pocz\u0105tku maja do ko\u0144ca lipca pod adresem <a href=\"https:\/\/mlinpl2025cfc.paperform.co\/\">https:\/\/mlinpl2025cfc.paperform.co\/<\/a>. Swoj\u0105 prac\u0119 mo\u017cna zg\u0142osi\u0107 jako kr\u00f3tki wyk\u0142ad (Talk), lub poster. W zesz\u0142ym roku 24 najlepsze talki i 63 postery by\u0142y prezentowane podczas konferencji, w tym roku spodziewamy si\u0119 podobnych statystyk.\u00a0<\/p><p>Od 1 maja trwa tak\u017ce rejestracja Early Bird, podczas kt\u00f3rej wybrane osoby po przes\u0142aniu zg\u0142oszenia i motywacji mog\u0105 otrzyma\u0107 bilet w ni\u017cszej cenie. Regularna sprzeda\u017c bilet\u00f3w planowana jest na 25 sierpnia. Pe\u0142ny i aktualny timeline wydarzenia jest dost\u0119pny na stronie internetowej wydarzenia: <a href=\"https:\/\/conference.mlinpl.org\/#timeline\">https:\/\/conference.mlinpl.org\/#timeline<\/a>.<br \/><\/p><p>\u00a0<\/p>\n<img src=\"https:\/\/kobietynauki.org\/wp-content\/uploads\/2025\/05\/8.png\" title=\"8\" alt=\"8\" srcset=\"https:\/\/kobietynauki.org\/wp-content\/uploads\/2025\/05\/8.png 938w, https:\/\/kobietynauki.org\/wp-content\/uploads\/2025\/05\/8-300x300.png 300w, https:\/\/kobietynauki.org\/wp-content\/uploads\/2025\/05\/8-150x150.png 150w, https:\/\/kobietynauki.org\/wp-content\/uploads\/2025\/05\/8-768x768.png 768w\" sizes=\"(max-width: 938px) 100vw, 938px\" \/>","_links":{"self":[{"href":"https:\/\/kobietynauki.org\/index.php\/wp-json\/wp\/v2\/posts\/1814","targetHints":{"allow":["GET"]}}],"collection":[{"href":"https:\/\/kobietynauki.org\/index.php\/wp-json\/wp\/v2\/posts"}],"about":[{"href":"https:\/\/kobietynauki.org\/index.php\/wp-json\/wp\/v2\/types\/post"}],"author":[{"embeddable":true,"href":"https:\/\/kobietynauki.org\/index.php\/wp-json\/wp\/v2\/users\/5"}],"replies":[{"embeddable":true,"href":"https:\/\/kobietynauki.org\/index.php\/wp-json\/wp\/v2\/comments?post=1814"}],"version-history":[{"count":6,"href":"https:\/\/kobietynauki.org\/index.php\/wp-json\/wp\/v2\/posts\/1814\/revisions"}],"predecessor-version":[{"id":1822,"href":"https:\/\/kobietynauki.org\/index.php\/wp-json\/wp\/v2\/posts\/1814\/revisions\/1822"}],"wp:attachment":[{"href":"https:\/\/kobietynauki.org\/index.php\/wp-json\/wp\/v2\/media?parent=1814"}],"wp:term":[{"taxonomy":"category","embeddable":true,"href":"https:\/\/kobietynauki.org\/index.php\/wp-json\/wp\/v2\/categories?post=1814"},{"taxonomy":"post_tag","embeddable":true,"href":"https:\/\/kobietynauki.org\/index.php\/wp-json\/wp\/v2\/tags?post=1814"}],"curies":[{"name":"wp","href":"https:\/\/api.w.org\/{rel}","templated":true}]}}