{"id":1782,"date":"2024-11-22T01:47:51","date_gmt":"2024-11-22T00:47:51","guid":{"rendered":"https:\/\/kobietynauki.org\/?p=1782"},"modified":"2024-11-22T01:48:57","modified_gmt":"2024-11-22T00:48:57","slug":"executive-innovation-forum-2024-polski-biznes-w-cyfrowym-swiecie-pod-patronatem-naszej-fundacji","status":"publish","type":"post","link":"https:\/\/kobietynauki.org\/index.php\/2024\/11\/executive-innovation-forum-2024-polski-biznes-w-cyfrowym-swiecie-pod-patronatem-naszej-fundacji\/","title":{"rendered":"Executive Innovation Forum 2024: Polski Biznes w Cyfrowym \u015awiecie &#8211; pod patronatem naszej Fundacji"},"content":{"rendered":"<!--themify_builder_content-->\n<div id=\"themify_builder_content-1782\" data-postid=\"1782\" class=\"themify_builder_content themify_builder_content-1782 themify_builder tf_clear\">\n                    <div  data-lazy=\"1\" class=\"module_row themify_builder_row tb_e242486 tb_first tf_w\">\n                        <div class=\"row_inner col_align_top tb_col_count_1 tf_box tf_rel\">\n                        <div  data-lazy=\"1\" class=\"module_column tb-column col-full tb_w92s487 first\">\n                    <!-- module text -->\n<div  class=\"module module-text tb_qkxv952   \" data-lazy=\"1\">\n        <div  class=\"tb_text_wrap\">\n        <p style=\"text-align: left;\"><span style=\"font-weight: 400;\">Ju\u017c tylko tydzie\u0144 dzieli nas od rozpocz\u0119cia XII edycji <\/span><b>Executive Innovation Forum<\/b><span style=\"font-weight: 400;\"> (27-28 listopada, The Westin Warsaw), unikalnego wydarzenia, wsp\u00f3\u0142organizowanego przez <\/span><b>Executive Club<\/b><span style=\"font-weight: 400;\"> oraz <\/span><b>Politechnik\u0119 Warszawsk\u0105<\/b><span style=\"font-weight: 400;\">, podczas kt\u00f3rego kluczowe role odgrywaj\u0105 innowacje i nowe technologie \u2013 g\u0142\u00f3wne motory nap\u0119dowe wsp\u00f3\u0142czesnej gospodarki.<\/span><\/p><p style=\"text-align: left;\"><span style=\"font-weight: 400;\">G\u0142\u00f3wnym celem wydarzenia jest zbudowanie synergii pomi\u0119dzy liderami polskiego biznesu, bran\u017cowymi ekspertami, przedstawicielami instytucji publicznych oraz \u015brodowisk naukowych i akademickich, by wsp\u00f3lnie kszta\u0142towa\u0107 strategiczne podej\u015bcie do innowacji, wsparcia start-up\u00f3w, wdra\u017cania nowych technologii i wykorzystywania ich z po\u017cytkiem ekonomicznym, spo\u0142ecznym i \u015brodowiskowym.<\/span><\/p><p style=\"text-align: left;\"><span style=\"font-weight: 400;\">W tym szerokim gronie odbywa\u0107 si\u0119 b\u0119d\u0105 dyskusje o dominuj\u0105cych trendach technologicznego i cyfrowego rozwoju oraz sposobach na przekucie ich w przewag\u0119 konkurencyjn\u0105. <\/span><b>Executive Innovation Forum<\/b><span style=\"font-weight: 400;\"> to tak\u017ce doskona\u0142a platforma dla wymiany wiedzy, pomys\u0142\u00f3w, nawi\u0105zania wsp\u00f3\u0142pracy oraz promocji w\u0142asnych innowacyjnych produkt\u00f3w i us\u0142ug.\u00a0<\/span><\/p><p style=\"text-align: left;\"><span style=\"font-weight: 400;\">Tegoroczne wydarzenie posiada wsparcie kluczowych dla sektora technologicznego instytucji. W\u015br\u00f3d <\/span><b>Patron\u00f3w Honorowych<\/b><span style=\"font-weight: 400;\"> znale\u017ali si\u0119:\u00a0<\/span><\/p><p style=\"text-align: left;\"><span style=\"font-weight: 400;\">Ministerstwo Cyfryzacji, Ministerstwo Rozwoju i Technologii, Urz\u0105d Patentowy Rzeczypospolitej Polskiej, Centrum Projekt\u00f3w Polska Cyfrowa, Fundacja Platforma Przemys\u0142u Przysz\u0142o\u015bci, Polska Izba Gospodarcza Zaawansowanych Technologii, Polska Agencja Rozwoju Przedsi\u0119biorczo\u015bci Grupa PFR, Polska Izba Informatyki i Telekomunikacji, Polska Izba Radiodyfuzji Cyfrowej, Stowarzyszenie Cyfrowy Dialog, Stowarzyszenie Organizator\u00f3w O\u015brodk\u00f3w Innowacji i Przedsi\u0119biorczo\u015bci w Polsce, Zwi\u0105zek Cyfrowa Polska<\/span><\/p><p style=\"text-align: left;\"><span style=\"font-weight: 400;\">Swoj\u0105 obecno\u015b\u0107 oraz wsparcie dla wydarzenia potwierdzili r\u00f3wnie\u017c nast\u0119puj\u0105cy <\/span><b>Partnerzy<\/b><span style=\"font-weight: 400;\">:<\/span><\/p><p style=\"text-align: left;\"><span style=\"font-weight: 400;\">Algotech, Ayming, Biuro Informacji Kredytowej, Britenet, Budimex, EIB, JWP Rzecznicy Patentowi, Narodowe Centrum Bada\u0144 i Rozwoju, Pfizer, Seen Technologie.<\/span><\/p><p style=\"text-align: left;\"><b>Kluczowa wiedza i najnowsze trendy<\/b><\/p><p style=\"text-align: left;\"><span style=\"font-weight: 400;\">Dwa dni konferencyjne wype\u0142nione b\u0119d\u0105 debatami na najistotniejsze z punktu widzenia biznesu i nauki tematy. Ka\u017cdy dzie\u0144 to trzy panele dyskusyjne oraz liczne wyst\u0105pienia ekspert\u00f3w, prezentuj\u0105ce innowacyjne osi\u0105gni\u0119cia, strategie i modele.\u00a0<\/span><\/p><p style=\"text-align: left;\"><span style=\"font-weight: 400;\">Pierwszy panel po\u015bwi\u0119cony b\u0119dzie <\/span><b>innowacyjnym organizacjom<\/b><span style=\"font-weight: 400;\">. Om\u00f3wione zostan\u0105 metody wspierania kultury innowacji, piel\u0119gnowania kreatywno\u015bci oraz efektywnego wdra\u017cania nowych rozwi\u0105za\u0144 w przedsi\u0119biorstwach. Drugi panel skupi si\u0119 z kolei na procesie <\/span><b>cyfrowej transformacji biznesu<\/b><span style=\"font-weight: 400;\">. Prelegenci b\u0119d\u0105 starali si\u0119 ustali\u0107, w jaki spos\u00f3b przeprowadza\u0107 digitalizacj\u0119, aby zoptymalizowa\u0107 efektywno\u015b\u0107 firmy. Kolejny panel po\u015bwi\u0119cony zosta\u0142 niezwykle no\u015bnemu, ale te\u017c kluczowemu z punktu widzenia konkurencyjno\u015bci, tematowi wykorzystania <\/span><b>AI w biznesie<\/b><span style=\"font-weight: 400;\">. Zastanowimy si\u0119, jak wdra\u017ca\u0107 systemy oparte na sztucznej inteligencji, by sta\u0142y si\u0119 realn\u0105 warto\u015bci\u0105 dodan\u0105.\u00a0<\/span><\/p><p style=\"text-align: left;\"><span style=\"font-weight: 400;\">Drugi dzie\u0144\u00a0 rozpocznie si\u0119 od spojrzenia na innowacje przez pryzmat <\/span><b>sektora energetycznego<\/b><span style=\"font-weight: 400;\">. Om\u00f3wione zostan\u0105 najnowsze rozwi\u0105zania technologiczne oraz ich wp\u0142yw na bezpiecze\u0144stwo i niezale\u017cno\u015b\u0107 energetyczn\u0105. Nast\u0119pny panel poruszy kwesti\u0119 niezwykle wa\u017cn\u0105 w obecnej, nieprzewidywalnej rzeczywisto\u015bci, a mianowicie <\/span><b>cyberbezpiecze\u0144stwo<\/b><span style=\"font-weight: 400;\">. Prelegenci rozmawia\u0107 b\u0119d\u0105 zar\u00f3wno o najaktualniejszych zagro\u017ceniach dla system\u00f3w informatycznych, jak i o metodach zapobiegania im. Konferencja zako\u0144czy si\u0119 refleksj\u0105 na temat przysz\u0142o\u015bci \u2013 podczas <\/span><b>debaty lider\u00f3w bran\u017cy<\/b><span style=\"font-weight: 400;\"> zastanowimy si\u0119 nad tym, jak wspiera\u0107 przysz\u0142ych innowator\u00f3w i przedsi\u0119biorc\u00f3w poprzez edukacj\u0119, mecenat start-up\u00f3w i wsp\u00f3\u0142prac\u0119 biznesu z nauk\u0105.<\/span><\/p><p style=\"text-align: left;\"><b>Diamenty Innowacji<\/b><\/p><p style=\"text-align: left;\"><span style=\"font-weight: 400;\">Wieczorem pierwszego dnia wydarzenia (27 listopada) odb\u0119dzie si\u0119 uroczysta gala, podczas kt\u00f3rej wr\u0119czone zostan\u0105 presti\u017cowe nagrody, <\/span><b>&#8222;Diamenty Innowacji&#8221;<\/b><span style=\"font-weight: 400;\">. Uhonorowane zostan\u0105 wyr\u00f3\u017cniaj\u0105ce si\u0119 przedsi\u0119biorstwa, wybitni mened\u017cerowie i liderzy biznesu, kt\u00f3rzy z powodzeniem opracowuj\u0105 i wdra\u017caj\u0105 nowe technologie oraz innowacje.\u00a0<\/span><\/p><p style=\"text-align: left;\"><span style=\"font-weight: 400;\">Aby zarejestrowa\u0107 si\u0119 na wydarzenie lub zdoby\u0107 wi\u0119cej informacji zapraszamy na stron\u0119: <\/span><a href=\"https:\/\/executiveclub.pl\/executive-forum\/\"><span style=\"font-weight: 400;\">https:\/\/executiveclub.pl\/executive-forum\/<\/span><\/a><\/p>    <\/div>\n<\/div>\n<!-- \/module text -->        <\/div>\n                        <\/div>\n        <\/div>\n                        <div  data-lazy=\"1\" class=\"module_row themify_builder_row tb_yjqx688 tf_w\">\n                        <div class=\"row_inner col_align_top tb_col_count_1 tf_box tf_rel\">\n                        <div  data-lazy=\"1\" class=\"module_column tb-column col-full tb_73td689 first\">\n                    <!-- module image -->\n<div  class=\"module module-image tb_ivm393 image-center   tf_mw\" data-lazy=\"1\">\n        <div class=\"image-wrap tf_rel tf_mw\">\n            <img loading=\"lazy\" decoding=\"async\" width=\"500\" height=\"530\" src=\"https:\/\/kobietynauki.org\/wp-content\/uploads\/2024\/11\/EIF-2024-bannery-kwadrat.jpg\" class=\"wp-post-image wp-image-1783\" title=\"EIF 2024 - bannery kwadrat\" alt=\"EIF 2024 - bannery kwadrat\" srcset=\"https:\/\/kobietynauki.org\/wp-content\/uploads\/2024\/11\/EIF-2024-bannery-kwadrat.jpg 500w, https:\/\/kobietynauki.org\/wp-content\/uploads\/2024\/11\/EIF-2024-bannery-kwadrat-283x300.jpg 283w\" sizes=\"auto, (max-width: 500px) 100vw, 500px\" \/>    \n        <\/div>\n    <!-- \/image-wrap -->\n    \n        <\/div>\n<!-- \/module image -->        <\/div>\n                        <\/div>\n        <\/div>\n        <\/div>\n<!--\/themify_builder_content-->","protected":false},"excerpt":{"rendered":"<p>Ju\u017c tylko tydzie\u0144 dzieli nas od rozpocz\u0119cia XII edycji Executive Innovation Forum (27-28 listopada, The Westin Warsaw), unikalnego wydarzenia, wsp\u00f3\u0142organizowanego przez Executive Club oraz Politechnik\u0119 Warszawsk\u0105, podczas kt\u00f3rego kluczowe role odgrywaj\u0105 innowacje i nowe technologie \u2013 g\u0142\u00f3wne motory nap\u0119dowe wsp\u00f3\u0142czesnej gospodarki.G\u0142\u00f3wnym celem wydarzenia jest zbudowanie synergii pomi\u0119dzy liderami polskiego biznesu, bran\u017cowymi ekspertami, przedstawicielami instytucji publicznych [&hellip;]<\/p>\n","protected":false},"author":5,"featured_media":0,"comment_status":"closed","ping_status":"open","sticky":false,"template":"","format":"standard","meta":{"footnotes":""},"categories":[16,10,1],"tags":[],"class_list":["post-1782","post","type-post","status-publish","format-standard","hentry","category-biznes","category-konferencja","category-nauka","has-post-title","has-post-date","has-post-category","has-post-tag","has-post-comment","has-post-author",""],"builder_content":"<p style=\"text-align: left;\">Ju\u017c tylko tydzie\u0144 dzieli nas od rozpocz\u0119cia XII edycji <b>Executive Innovation Forum<\/b> (27-28 listopada, The Westin Warsaw), unikalnego wydarzenia, wsp\u00f3\u0142organizowanego przez <b>Executive Club<\/b> oraz <b>Politechnik\u0119 Warszawsk\u0105<\/b>, podczas kt\u00f3rego kluczowe role odgrywaj\u0105 innowacje i nowe technologie \u2013 g\u0142\u00f3wne motory nap\u0119dowe wsp\u00f3\u0142czesnej gospodarki.<\/p><p style=\"text-align: left;\">G\u0142\u00f3wnym celem wydarzenia jest zbudowanie synergii pomi\u0119dzy liderami polskiego biznesu, bran\u017cowymi ekspertami, przedstawicielami instytucji publicznych oraz \u015brodowisk naukowych i akademickich, by wsp\u00f3lnie kszta\u0142towa\u0107 strategiczne podej\u015bcie do innowacji, wsparcia start-up\u00f3w, wdra\u017cania nowych technologii i wykorzystywania ich z po\u017cytkiem ekonomicznym, spo\u0142ecznym i \u015brodowiskowym.<\/p><p style=\"text-align: left;\">W tym szerokim gronie odbywa\u0107 si\u0119 b\u0119d\u0105 dyskusje o dominuj\u0105cych trendach technologicznego i cyfrowego rozwoju oraz sposobach na przekucie ich w przewag\u0119 konkurencyjn\u0105. <b>Executive Innovation Forum<\/b> to tak\u017ce doskona\u0142a platforma dla wymiany wiedzy, pomys\u0142\u00f3w, nawi\u0105zania wsp\u00f3\u0142pracy oraz promocji w\u0142asnych innowacyjnych produkt\u00f3w i us\u0142ug.\u00a0<\/p><p style=\"text-align: left;\">Tegoroczne wydarzenie posiada wsparcie kluczowych dla sektora technologicznego instytucji. W\u015br\u00f3d <b>Patron\u00f3w Honorowych<\/b> znale\u017ali si\u0119:\u00a0<\/p><p style=\"text-align: left;\">Ministerstwo Cyfryzacji, Ministerstwo Rozwoju i Technologii, Urz\u0105d Patentowy Rzeczypospolitej Polskiej, Centrum Projekt\u00f3w Polska Cyfrowa, Fundacja Platforma Przemys\u0142u Przysz\u0142o\u015bci, Polska Izba Gospodarcza Zaawansowanych Technologii, Polska Agencja Rozwoju Przedsi\u0119biorczo\u015bci Grupa PFR, Polska Izba Informatyki i Telekomunikacji, Polska Izba Radiodyfuzji Cyfrowej, Stowarzyszenie Cyfrowy Dialog, Stowarzyszenie Organizator\u00f3w O\u015brodk\u00f3w Innowacji i Przedsi\u0119biorczo\u015bci w Polsce, Zwi\u0105zek Cyfrowa Polska<\/p><p style=\"text-align: left;\">Swoj\u0105 obecno\u015b\u0107 oraz wsparcie dla wydarzenia potwierdzili r\u00f3wnie\u017c nast\u0119puj\u0105cy <b>Partnerzy<\/b>:<\/p><p style=\"text-align: left;\">Algotech, Ayming, Biuro Informacji Kredytowej, Britenet, Budimex, EIB, JWP Rzecznicy Patentowi, Narodowe Centrum Bada\u0144 i Rozwoju, Pfizer, Seen Technologie.<\/p><p style=\"text-align: left;\"><b>Kluczowa wiedza i najnowsze trendy<\/b><\/p><p style=\"text-align: left;\">Dwa dni konferencyjne wype\u0142nione b\u0119d\u0105 debatami na najistotniejsze z punktu widzenia biznesu i nauki tematy. Ka\u017cdy dzie\u0144 to trzy panele dyskusyjne oraz liczne wyst\u0105pienia ekspert\u00f3w, prezentuj\u0105ce innowacyjne osi\u0105gni\u0119cia, strategie i modele.\u00a0<\/p><p style=\"text-align: left;\">Pierwszy panel po\u015bwi\u0119cony b\u0119dzie <b>innowacyjnym organizacjom<\/b>. Om\u00f3wione zostan\u0105 metody wspierania kultury innowacji, piel\u0119gnowania kreatywno\u015bci oraz efektywnego wdra\u017cania nowych rozwi\u0105za\u0144 w przedsi\u0119biorstwach. Drugi panel skupi si\u0119 z kolei na procesie <b>cyfrowej transformacji biznesu<\/b>. Prelegenci b\u0119d\u0105 starali si\u0119 ustali\u0107, w jaki spos\u00f3b przeprowadza\u0107 digitalizacj\u0119, aby zoptymalizowa\u0107 efektywno\u015b\u0107 firmy. Kolejny panel po\u015bwi\u0119cony zosta\u0142 niezwykle no\u015bnemu, ale te\u017c kluczowemu z punktu widzenia konkurencyjno\u015bci, tematowi wykorzystania <b>AI w biznesie<\/b>. Zastanowimy si\u0119, jak wdra\u017ca\u0107 systemy oparte na sztucznej inteligencji, by sta\u0142y si\u0119 realn\u0105 warto\u015bci\u0105 dodan\u0105.\u00a0<\/p><p style=\"text-align: left;\">Drugi dzie\u0144\u00a0 rozpocznie si\u0119 od spojrzenia na innowacje przez pryzmat <b>sektora energetycznego<\/b>. Om\u00f3wione zostan\u0105 najnowsze rozwi\u0105zania technologiczne oraz ich wp\u0142yw na bezpiecze\u0144stwo i niezale\u017cno\u015b\u0107 energetyczn\u0105. Nast\u0119pny panel poruszy kwesti\u0119 niezwykle wa\u017cn\u0105 w obecnej, nieprzewidywalnej rzeczywisto\u015bci, a mianowicie <b>cyberbezpiecze\u0144stwo<\/b>. Prelegenci rozmawia\u0107 b\u0119d\u0105 zar\u00f3wno o najaktualniejszych zagro\u017ceniach dla system\u00f3w informatycznych, jak i o metodach zapobiegania im. Konferencja zako\u0144czy si\u0119 refleksj\u0105 na temat przysz\u0142o\u015bci \u2013 podczas <b>debaty lider\u00f3w bran\u017cy<\/b> zastanowimy si\u0119 nad tym, jak wspiera\u0107 przysz\u0142ych innowator\u00f3w i przedsi\u0119biorc\u00f3w poprzez edukacj\u0119, mecenat start-up\u00f3w i wsp\u00f3\u0142prac\u0119 biznesu z nauk\u0105.<\/p><p style=\"text-align: left;\"><b>Diamenty Innowacji<\/b><\/p><p style=\"text-align: left;\">Wieczorem pierwszego dnia wydarzenia (27 listopada) odb\u0119dzie si\u0119 uroczysta gala, podczas kt\u00f3rej wr\u0119czone zostan\u0105 presti\u017cowe nagrody, <b>\"Diamenty Innowacji\"<\/b>. Uhonorowane zostan\u0105 wyr\u00f3\u017cniaj\u0105ce si\u0119 przedsi\u0119biorstwa, wybitni mened\u017cerowie i liderzy biznesu, kt\u00f3rzy z powodzeniem opracowuj\u0105 i wdra\u017caj\u0105 nowe technologie oraz innowacje.\u00a0<\/p><p style=\"text-align: left;\">Aby zarejestrowa\u0107 si\u0119 na wydarzenie lub zdoby\u0107 wi\u0119cej informacji zapraszamy na stron\u0119: <a href=\"https:\/\/executiveclub.pl\/executive-forum\/\">https:\/\/executiveclub.pl\/executive-forum\/<\/a><\/p>\n<img src=\"https:\/\/kobietynauki.org\/wp-content\/uploads\/2024\/11\/EIF-2024-bannery-kwadrat.jpg\" title=\"EIF 2024 - bannery kwadrat\" alt=\"EIF 2024 - bannery kwadrat\" srcset=\"https:\/\/kobietynauki.org\/wp-content\/uploads\/2024\/11\/EIF-2024-bannery-kwadrat.jpg 500w, https:\/\/kobietynauki.org\/wp-content\/uploads\/2024\/11\/EIF-2024-bannery-kwadrat-283x300.jpg 283w\" sizes=\"(max-width: 500px) 100vw, 500px\" \/>","_links":{"self":[{"href":"https:\/\/kobietynauki.org\/index.php\/wp-json\/wp\/v2\/posts\/1782","targetHints":{"allow":["GET"]}}],"collection":[{"href":"https:\/\/kobietynauki.org\/index.php\/wp-json\/wp\/v2\/posts"}],"about":[{"href":"https:\/\/kobietynauki.org\/index.php\/wp-json\/wp\/v2\/types\/post"}],"author":[{"embeddable":true,"href":"https:\/\/kobietynauki.org\/index.php\/wp-json\/wp\/v2\/users\/5"}],"replies":[{"embeddable":true,"href":"https:\/\/kobietynauki.org\/index.php\/wp-json\/wp\/v2\/comments?post=1782"}],"version-history":[{"count":1,"href":"https:\/\/kobietynauki.org\/index.php\/wp-json\/wp\/v2\/posts\/1782\/revisions"}],"predecessor-version":[{"id":1784,"href":"https:\/\/kobietynauki.org\/index.php\/wp-json\/wp\/v2\/posts\/1782\/revisions\/1784"}],"wp:attachment":[{"href":"https:\/\/kobietynauki.org\/index.php\/wp-json\/wp\/v2\/media?parent=1782"}],"wp:term":[{"taxonomy":"category","embeddable":true,"href":"https:\/\/kobietynauki.org\/index.php\/wp-json\/wp\/v2\/categories?post=1782"},{"taxonomy":"post_tag","embeddable":true,"href":"https:\/\/kobietynauki.org\/index.php\/wp-json\/wp\/v2\/tags?post=1782"}],"curies":[{"name":"wp","href":"https:\/\/api.w.org\/{rel}","templated":true}]}}