{"id":1727,"date":"2024-01-17T23:34:30","date_gmt":"2024-01-17T22:34:30","guid":{"rendered":"https:\/\/kobietynauki.org\/?p=1727"},"modified":"2024-01-17T23:37:47","modified_gmt":"2024-01-17T22:37:47","slug":"ii-edycja-konferencji-womeninmed-inspirowanie-wspieranie-rozwoj","status":"publish","type":"post","link":"https:\/\/kobietynauki.org\/index.php\/2024\/01\/ii-edycja-konferencji-womeninmed-inspirowanie-wspieranie-rozwoj\/","title":{"rendered":"II Edycja Konferencji WomenInMed: Inspirowanie, Wspieranie, Rozw\u00f3j"},"content":{"rendered":"<!--themify_builder_content-->\n<div id=\"themify_builder_content-1727\" data-postid=\"1727\" class=\"themify_builder_content themify_builder_content-1727 themify_builder tf_clear\">\n                    <div  data-lazy=\"1\" class=\"module_row themify_builder_row tb_n39z33 tb_first tf_w\">\n                        <div class=\"row_inner col_align_top tb_col_count_1 tf_box tf_rel\">\n                        <div  data-lazy=\"1\" class=\"module_column tb-column col-full tb_0obl34 first\">\n                    <!-- module text -->\n<div  class=\"module module-text tb_001b441   \" data-lazy=\"1\">\n        <div  class=\"tb_text_wrap\">\n        <p><span style=\"font-weight: 400;\">Fundacja Kobiety Medycyny z ogromn\u0105 przyjemno\u015bci\u0105 og\u0142asza drug\u0105 edycj\u0119 Konferencji WomenInMed, dedykowanej wyj\u0105tkowym kobietom pracuj\u0105cym w ochronie zdrowia. Wydarzenie odb\u0119dzie si\u0119 <\/span><b>22 marca 2024 roku w salach Targ\u00f3w Pozna\u0144skich<\/b><span style=\"font-weight: 400;\">. To powtarzalne co roku spotkanie, kt\u00f3re ju\u017c podczas I edycji zgromadzi\u0142o ponad 150 kobiet, sta\u0142o si\u0119 wielowymiarow\u0105 platform\u0105 wspieraj\u0105c\u0105 rozw\u00f3j spo\u0142eczno\u015bci kobiet w medycynie.<\/span><\/p>\n<p><span style=\"font-weight: 400;\">Podczas tegorocznej konferencji zaproszone ekspertki i eksperci b\u0119d\u0119 porusza\u0107 sytuacj\u0119 kobiet w medycynie w obszarze trzech temat\u00f3w.\u00a0<\/span><\/p>\n<p><span style=\"font-weight: 400;\">Po pierwsze padn\u0105 odpowiedzi na pytanie: Jak zadba\u0107 o sw\u00f3j <\/span><b>dobrostan psychiczny i fizyczny <\/b><span style=\"font-weight: 400;\">pracuj\u0105c w ochronie zdrowia? Prelegentki i Prelegenci opowiedz\u0105 o istocie odpoczynku, w tym snu, a tak\u017ce o motywacji i sile budowania relacji i spo\u0142eczno\u015bci.<\/span><\/p>\n<p><span style=\"font-weight: 400;\">Drugim tematem b\u0119dzie <\/span><b>moc komunikacji<\/b><span style=\"font-weight: 400;\">. W czasie prelekcji kobiety medycyny b\u0119d\u0105 mia\u0142a szans\u0119 dowiedzie\u0107 si\u0119 jak rozwija\u0107 zdolno\u015bci relacyjne i komunikacyjne w zespole, w relacji z pacjentem oraz w kontek\u015bcie budowania w sobie cech liderskich.<\/span><\/p>\n<p><span style=\"font-weight: 400;\">Ostatnim tematem przewodnim b\u0119dzie <\/span><b>kwestia sytuacji kobiet<\/b><span style=\"font-weight: 400;\"> w ochronie zdrowia w aspektach prawnych, sytuacji rodzinnej, sytuacji zarobkowej i rozwoju kariery.\u00a0<\/span><\/p>\n<p><span style=\"font-weight: 400;\">Konferencja WomenInMed to nie tylko miejsce wymiany wiedzy medycznej, to przede wszystkich wyj\u0105tkowa <\/span><b>okazja do nawi\u0105zania relacji i wsp\u00f3\u0142pracy mi\u0119dzy kobietami <\/b><span style=\"font-weight: 400;\">pracuj\u0105cymi w r\u00f3\u017cnych obszarach ochrony zdrowia. To wydarzenie skierowane zar\u00f3wno do lekarek z ogromnym do\u015bwiadczeniem, jak i tych, kt\u00f3re dopiero rozpoczynaj\u0105 swoj\u0105 profesjonaln\u0105 \u015bcie\u017ck\u0119. <\/span><b>Zapraszamy<\/b><span style=\"font-weight: 400;\"> dyrektorki szpitali, ordynatorki, liderki plac\u00f3wek medycznych, przedsi\u0119biorcze prowadz\u0105ce w\u0142asne gabinety, a tak\u017ce farmaceutki, terapeutki, psycholo\u017cki, ratowniczki medyczne, techniczki medyczne, analityczki medyczne, piel\u0119gniarki, po\u0142o\u017cne oraz studentki kierunk\u00f3w medycznych.<\/span><\/p>\n<p><span style=\"font-weight: 400;\">Konferencja WomenInMed to spotkanie dla Kobiet pracuj\u0105cych we wszystkich zawodach medycznych, kt\u00f3rego celem g\u0142\u00f3wnym jest zbudowanie nowych, trwa\u0142ych relacji mi\u0119dzy kobietami w\u00a0ochronie zdrowia, <\/span><b>wzajemnie wsparcie i\u00a0wymiana do\u015bwiadcze\u0144.<\/b><span style=\"font-weight: 400;\"> A tak\u017ce rozw\u00f3j kompetencji przysz\u0142o\u015bci, zwr\u00f3cenie uwagi na wa\u017cne tematy dyskryminacji, wypalenia zawodowego. Jest to tworzenie miejsca, w kt\u00f3re integruje kobiety z r\u00f3\u017cnych obszar\u00f3w medycyny, tworz\u0105ca siln\u0105 sie\u0107 wspieraj\u0105c\u0105.<\/span><\/p>\n<p><span style=\"font-weight: 400;\">Dodatkowym wa\u017cnym elementem konferencji jest <\/span><b>gala rozdania nagr\u00f3d w konkursie MedWoman 2023<\/b><span style=\"font-weight: 400;\">. Te nagrody s\u0105 przyznawane ju\u017c drugi rok z rz\u0119du. Mo\u017cliwo\u015b\u0107 zg\u0142aszania si\u0119 kandydatek i nominowania kandydatek trwa do 10 stycznia. W tym roku Fundacja przyzna nagrody w kategoriach: Managerka w Sektorze Publicznym, Managerka w Sektorze Prywatnym, Naukowczyni oraz Grand Prix za Ca\u0142okszta\u0142t Pracy.<\/span><\/p>\n<p><span style=\"font-weight: 400;\">Fundacja Kobiety Medycyny serdecznie zaprasza wszystkie kobiety z bran\u017cy medycznej do udzia\u0142u w <\/span><b>II edycji Konferencji WomenInMed, by razem inspirowa\u0107, wspiera\u0107 i rozwija\u0107 si\u0119!<\/b><b>Bilety Early Birds s\u0105 dost\u0119pne do ko\u0144ca stycznia na stronie konferencji: <\/b><a href=\"http:\/\/www.kobietymedycyny.org\/konferencja\"><b>www.kobietymedycyny.org\/konferencja<\/b><\/a><\/p>\n<p>\u00a0<\/p>    <\/div>\n<\/div>\n<!-- \/module text -->        <\/div>\n                        <\/div>\n        <\/div>\n                        <div  data-lazy=\"1\" class=\"module_row themify_builder_row tb_4dnl577 tf_w\">\n                        <div class=\"row_inner col_align_top tb_col_count_1 tf_box tf_rel\">\n                        <div  data-lazy=\"1\" class=\"module_column tb-column col-full tb_rs6d577 first\">\n                    <!-- module image -->\n<div  class=\"module module-image tb_w2d3919 image-center   tf_mw\" data-lazy=\"1\">\n        <div class=\"image-wrap tf_rel tf_mw\">\n            <img loading=\"lazy\" decoding=\"async\" width=\"1200\" height=\"628\" src=\"https:\/\/kobietynauki.org\/wp-content\/uploads\/2024\/01\/WiM-24-Konferencja.jpg\" class=\"wp-post-image wp-image-1729\" title=\"WiM 24 Konferencja\" alt=\"WiM 24 Konferencja\" srcset=\"https:\/\/kobietynauki.org\/wp-content\/uploads\/2024\/01\/WiM-24-Konferencja.jpg 1200w, https:\/\/kobietynauki.org\/wp-content\/uploads\/2024\/01\/WiM-24-Konferencja-300x157.jpg 300w, https:\/\/kobietynauki.org\/wp-content\/uploads\/2024\/01\/WiM-24-Konferencja-1024x536.jpg 1024w, https:\/\/kobietynauki.org\/wp-content\/uploads\/2024\/01\/WiM-24-Konferencja-768x402.jpg 768w\" sizes=\"auto, (max-width: 1200px) 100vw, 1200px\" \/>    \n        <\/div>\n    <!-- \/image-wrap -->\n    \n        <\/div>\n<!-- \/module image -->        <\/div>\n                        <\/div>\n        <\/div>\n        <\/div>\n<!--\/themify_builder_content-->","protected":false},"excerpt":{"rendered":"<p>Fundacja Kobiety Medycyny z ogromn\u0105 przyjemno\u015bci\u0105 og\u0142asza drug\u0105 edycj\u0119 Konferencji WomenInMed, dedykowanej wyj\u0105tkowym kobietom pracuj\u0105cym w ochronie zdrowia. Wydarzenie odb\u0119dzie si\u0119 22 marca 2024 roku w salach Targ\u00f3w Pozna\u0144skich. To powtarzalne co roku spotkanie, kt\u00f3re ju\u017c podczas I edycji zgromadzi\u0142o ponad 150 kobiet, sta\u0142o si\u0119 wielowymiarow\u0105 platform\u0105 wspieraj\u0105c\u0105 rozw\u00f3j spo\u0142eczno\u015bci kobiet w medycynie. Podczas tegorocznej [&hellip;]<\/p>\n","protected":false},"author":5,"featured_media":0,"comment_status":"closed","ping_status":"open","sticky":false,"template":"","format":"standard","meta":{"footnotes":""},"categories":[10,1],"tags":[],"class_list":["post-1727","post","type-post","status-publish","format-standard","hentry","category-konferencja","category-nauka","has-post-title","has-post-date","has-post-category","has-post-tag","has-post-comment","has-post-author",""],"builder_content":"<p>Fundacja Kobiety Medycyny z ogromn\u0105 przyjemno\u015bci\u0105 og\u0142asza drug\u0105 edycj\u0119 Konferencji WomenInMed, dedykowanej wyj\u0105tkowym kobietom pracuj\u0105cym w ochronie zdrowia. Wydarzenie odb\u0119dzie si\u0119 <b>22 marca 2024 roku w salach Targ\u00f3w Pozna\u0144skich<\/b>. To powtarzalne co roku spotkanie, kt\u00f3re ju\u017c podczas I edycji zgromadzi\u0142o ponad 150 kobiet, sta\u0142o si\u0119 wielowymiarow\u0105 platform\u0105 wspieraj\u0105c\u0105 rozw\u00f3j spo\u0142eczno\u015bci kobiet w medycynie.<\/p> <p>Podczas tegorocznej konferencji zaproszone ekspertki i eksperci b\u0119d\u0119 porusza\u0107 sytuacj\u0119 kobiet w medycynie w obszarze trzech temat\u00f3w.\u00a0<\/p> <p>Po pierwsze padn\u0105 odpowiedzi na pytanie: Jak zadba\u0107 o sw\u00f3j <b>dobrostan psychiczny i fizyczny <\/b>pracuj\u0105c w ochronie zdrowia? Prelegentki i Prelegenci opowiedz\u0105 o istocie odpoczynku, w tym snu, a tak\u017ce o motywacji i sile budowania relacji i spo\u0142eczno\u015bci.<\/p> <p>Drugim tematem b\u0119dzie <b>moc komunikacji<\/b>. W czasie prelekcji kobiety medycyny b\u0119d\u0105 mia\u0142a szans\u0119 dowiedzie\u0107 si\u0119 jak rozwija\u0107 zdolno\u015bci relacyjne i komunikacyjne w zespole, w relacji z pacjentem oraz w kontek\u015bcie budowania w sobie cech liderskich.<\/p> <p>Ostatnim tematem przewodnim b\u0119dzie <b>kwestia sytuacji kobiet<\/b> w ochronie zdrowia w aspektach prawnych, sytuacji rodzinnej, sytuacji zarobkowej i rozwoju kariery.\u00a0<\/p> <p>Konferencja WomenInMed to nie tylko miejsce wymiany wiedzy medycznej, to przede wszystkich wyj\u0105tkowa <b>okazja do nawi\u0105zania relacji i wsp\u00f3\u0142pracy mi\u0119dzy kobietami <\/b>pracuj\u0105cymi w r\u00f3\u017cnych obszarach ochrony zdrowia. To wydarzenie skierowane zar\u00f3wno do lekarek z ogromnym do\u015bwiadczeniem, jak i tych, kt\u00f3re dopiero rozpoczynaj\u0105 swoj\u0105 profesjonaln\u0105 \u015bcie\u017ck\u0119. <b>Zapraszamy<\/b> dyrektorki szpitali, ordynatorki, liderki plac\u00f3wek medycznych, przedsi\u0119biorcze prowadz\u0105ce w\u0142asne gabinety, a tak\u017ce farmaceutki, terapeutki, psycholo\u017cki, ratowniczki medyczne, techniczki medyczne, analityczki medyczne, piel\u0119gniarki, po\u0142o\u017cne oraz studentki kierunk\u00f3w medycznych.<\/p> <p>Konferencja WomenInMed to spotkanie dla Kobiet pracuj\u0105cych we wszystkich zawodach medycznych, kt\u00f3rego celem g\u0142\u00f3wnym jest zbudowanie nowych, trwa\u0142ych relacji mi\u0119dzy kobietami w\u00a0ochronie zdrowia, <b>wzajemnie wsparcie i\u00a0wymiana do\u015bwiadcze\u0144.<\/b> A tak\u017ce rozw\u00f3j kompetencji przysz\u0142o\u015bci, zwr\u00f3cenie uwagi na wa\u017cne tematy dyskryminacji, wypalenia zawodowego. Jest to tworzenie miejsca, w kt\u00f3re integruje kobiety z r\u00f3\u017cnych obszar\u00f3w medycyny, tworz\u0105ca siln\u0105 sie\u0107 wspieraj\u0105c\u0105.<\/p> <p>Dodatkowym wa\u017cnym elementem konferencji jest <b>gala rozdania nagr\u00f3d w konkursie MedWoman 2023<\/b>. Te nagrody s\u0105 przyznawane ju\u017c drugi rok z rz\u0119du. Mo\u017cliwo\u015b\u0107 zg\u0142aszania si\u0119 kandydatek i nominowania kandydatek trwa do 10 stycznia. W tym roku Fundacja przyzna nagrody w kategoriach: Managerka w Sektorze Publicznym, Managerka w Sektorze Prywatnym, Naukowczyni oraz Grand Prix za Ca\u0142okszta\u0142t Pracy.<\/p> <p>Fundacja Kobiety Medycyny serdecznie zaprasza wszystkie kobiety z bran\u017cy medycznej do udzia\u0142u w <b>II edycji Konferencji WomenInMed, by razem inspirowa\u0107, wspiera\u0107 i rozwija\u0107 si\u0119!<\/b><b>Bilety Early Birds s\u0105 dost\u0119pne do ko\u0144ca stycznia na stronie konferencji: <\/b><a href=\"http:\/\/www.kobietymedycyny.org\/konferencja\"><b>www.kobietymedycyny.org\/konferencja<\/b><\/a><\/p> <p>\u00a0<\/p>\n<img src=\"https:\/\/kobietynauki.org\/wp-content\/uploads\/2024\/01\/WiM-24-Konferencja.jpg\" title=\"WiM 24 Konferencja\" alt=\"WiM 24 Konferencja\" srcset=\"https:\/\/kobietynauki.org\/wp-content\/uploads\/2024\/01\/WiM-24-Konferencja.jpg 1200w, https:\/\/kobietynauki.org\/wp-content\/uploads\/2024\/01\/WiM-24-Konferencja-300x157.jpg 300w, https:\/\/kobietynauki.org\/wp-content\/uploads\/2024\/01\/WiM-24-Konferencja-1024x536.jpg 1024w, https:\/\/kobietynauki.org\/wp-content\/uploads\/2024\/01\/WiM-24-Konferencja-768x402.jpg 768w\" sizes=\"(max-width: 1200px) 100vw, 1200px\" \/>","_links":{"self":[{"href":"https:\/\/kobietynauki.org\/index.php\/wp-json\/wp\/v2\/posts\/1727","targetHints":{"allow":["GET"]}}],"collection":[{"href":"https:\/\/kobietynauki.org\/index.php\/wp-json\/wp\/v2\/posts"}],"about":[{"href":"https:\/\/kobietynauki.org\/index.php\/wp-json\/wp\/v2\/types\/post"}],"author":[{"embeddable":true,"href":"https:\/\/kobietynauki.org\/index.php\/wp-json\/wp\/v2\/users\/5"}],"replies":[{"embeddable":true,"href":"https:\/\/kobietynauki.org\/index.php\/wp-json\/wp\/v2\/comments?post=1727"}],"version-history":[{"count":3,"href":"https:\/\/kobietynauki.org\/index.php\/wp-json\/wp\/v2\/posts\/1727\/revisions"}],"predecessor-version":[{"id":1731,"href":"https:\/\/kobietynauki.org\/index.php\/wp-json\/wp\/v2\/posts\/1727\/revisions\/1731"}],"wp:attachment":[{"href":"https:\/\/kobietynauki.org\/index.php\/wp-json\/wp\/v2\/media?parent=1727"}],"wp:term":[{"taxonomy":"category","embeddable":true,"href":"https:\/\/kobietynauki.org\/index.php\/wp-json\/wp\/v2\/categories?post=1727"},{"taxonomy":"post_tag","embeddable":true,"href":"https:\/\/kobietynauki.org\/index.php\/wp-json\/wp\/v2\/tags?post=1727"}],"curies":[{"name":"wp","href":"https:\/\/api.w.org\/{rel}","templated":true}]}}