{"id":1673,"date":"2022-09-29T19:17:35","date_gmt":"2022-09-29T18:17:35","guid":{"rendered":"https:\/\/kobietynauki.org\/?p=1673"},"modified":"2022-09-29T19:18:32","modified_gmt":"2022-09-29T18:18:32","slug":"zapraszamy-na-targi-hercareer","status":"publish","type":"post","link":"https:\/\/kobietynauki.org\/index.php\/2022\/09\/zapraszamy-na-targi-hercareer\/","title":{"rendered":"Zapraszamy na Targi herCAREER"},"content":{"rendered":"<!--themify_builder_content-->\n<div id=\"themify_builder_content-1673\" data-postid=\"1673\" class=\"themify_builder_content themify_builder_content-1673 themify_builder tf_clear\">\n                    <div  data-lazy=\"1\" class=\"module_row themify_builder_row tb_yfik731 tb_first tf_w\">\n                        <div class=\"row_inner col_align_top tb_col_count_1 tf_box tf_rel\">\n                        <div  data-lazy=\"1\" class=\"module_column tb-column col-full tb_gvj5731 first\">\n                    <!-- module text -->\n<div  class=\"module module-text tb_wd8m44   \" data-lazy=\"1\">\n        <div  class=\"tb_text_wrap\">\n        <p><span style=\"font-weight: 400;\">Targi herCAREER to wydarzenie, kt\u00f3rego partnerem po raz kolejny jest nasza Fundacja.<\/span><\/p><p><span style=\"font-weight: 400;\">Targi, kt\u00f3re odb\u0119d\u0105 si\u0119 w Monachium 6 i 7 pa\u017adziernika, to szereg interesuj\u0105cych spotka\u0144 i wyk\u0142ad\u00f3w, ale te\u017c szansa na poznanie kobiet, kt\u00f3rych kariera i do\u015bwiadczenia mog\u0105 sta\u0107 si\u0119 \u017ar\u00f3d\u0142em inspiracji . To tak\u017ce mo\u017cliwo\u015b\u0107 nawi\u0105zania kontakt\u00f3w, kt\u00f3re dadz\u0105 Wam szans\u0119 profesjonalnego rozwoju.\u00a0<\/span><\/p><p><span style=\"font-weight: 400;\">Zapraszamy studentki, absolwentki, specjalistki r\u00f3\u017cnych dziedzin, managerki i przedsi\u0119biorczynie.\u00a0<\/span><\/p><p><span style=\"font-weight: 400;\">Wi\u0119cej szczeg\u00f3\u0142\u00f3w znajdziecie tutaj:\u00a0<\/span><\/p><p><a href=\"https:\/\/www.her-career.com\/en\/expo\/\"><span style=\"font-weight: 400;\">https:\/\/www.her-career.com\/en\/expo\/<\/span><\/a><\/p><p><span style=\"font-weight: 400;\">Jak rok temu, mamy dla Was darmowe vouchery na bilety wst\u0119pu na jeden wybrany dzie\u0144 targ\u00f3w &#8211; zainteresowanych prosimy o kontakt za po\u015brednictwem naszego profilu na FB.\u00a0<\/span><\/p>    <\/div>\n<\/div>\n<!-- \/module text -->        <\/div>\n                        <\/div>\n        <\/div>\n        <\/div>\n<!--\/themify_builder_content-->","protected":false},"excerpt":{"rendered":"<p>Targi herCAREER to wydarzenie, kt\u00f3rego partnerem po raz kolejny jest nasza Fundacja.Targi, kt\u00f3re odb\u0119d\u0105 si\u0119 w Monachium 6 i 7 pa\u017adziernika, to szereg interesuj\u0105cych spotka\u0144 i wyk\u0142ad\u00f3w, ale te\u017c szansa na poznanie kobiet, kt\u00f3rych kariera i do\u015bwiadczenia mog\u0105 sta\u0107 si\u0119 \u017ar\u00f3d\u0142em inspiracji . To tak\u017ce mo\u017cliwo\u015b\u0107 nawi\u0105zania kontakt\u00f3w, kt\u00f3re dadz\u0105 Wam szans\u0119 profesjonalnego rozwoju.\u00a0Zapraszamy studentki, [&hellip;]<\/p>\n","protected":false},"author":5,"featured_media":0,"comment_status":"closed","ping_status":"open","sticky":false,"template":"","format":"standard","meta":{"footnotes":""},"categories":[11,10,1],"tags":[],"class_list":["post-1673","post","type-post","status-publish","format-standard","hentry","category-gender","category-konferencja","category-nauka","has-post-title","has-post-date","has-post-category","has-post-tag","has-post-comment","has-post-author",""],"builder_content":"<p>Targi herCAREER to wydarzenie, kt\u00f3rego partnerem po raz kolejny jest nasza Fundacja.<\/p><p>Targi, kt\u00f3re odb\u0119d\u0105 si\u0119 w Monachium 6 i 7 pa\u017adziernika, to szereg interesuj\u0105cych spotka\u0144 i wyk\u0142ad\u00f3w, ale te\u017c szansa na poznanie kobiet, kt\u00f3rych kariera i do\u015bwiadczenia mog\u0105 sta\u0107 si\u0119 \u017ar\u00f3d\u0142em inspiracji . To tak\u017ce mo\u017cliwo\u015b\u0107 nawi\u0105zania kontakt\u00f3w, kt\u00f3re dadz\u0105 Wam szans\u0119 profesjonalnego rozwoju.\u00a0<\/p><p>Zapraszamy studentki, absolwentki, specjalistki r\u00f3\u017cnych dziedzin, managerki i przedsi\u0119biorczynie.\u00a0<\/p><p>Wi\u0119cej szczeg\u00f3\u0142\u00f3w znajdziecie tutaj:\u00a0<\/p><p><a href=\"https:\/\/www.her-career.com\/en\/expo\/\">https:\/\/www.her-career.com\/en\/expo\/<\/a><\/p><p>Jak rok temu, mamy dla Was darmowe vouchery na bilety wst\u0119pu na jeden wybrany dzie\u0144 targ\u00f3w - zainteresowanych prosimy o kontakt za po\u015brednictwem naszego profilu na FB.\u00a0<\/p>","_links":{"self":[{"href":"https:\/\/kobietynauki.org\/index.php\/wp-json\/wp\/v2\/posts\/1673","targetHints":{"allow":["GET"]}}],"collection":[{"href":"https:\/\/kobietynauki.org\/index.php\/wp-json\/wp\/v2\/posts"}],"about":[{"href":"https:\/\/kobietynauki.org\/index.php\/wp-json\/wp\/v2\/types\/post"}],"author":[{"embeddable":true,"href":"https:\/\/kobietynauki.org\/index.php\/wp-json\/wp\/v2\/users\/5"}],"replies":[{"embeddable":true,"href":"https:\/\/kobietynauki.org\/index.php\/wp-json\/wp\/v2\/comments?post=1673"}],"version-history":[{"count":2,"href":"https:\/\/kobietynauki.org\/index.php\/wp-json\/wp\/v2\/posts\/1673\/revisions"}],"predecessor-version":[{"id":1675,"href":"https:\/\/kobietynauki.org\/index.php\/wp-json\/wp\/v2\/posts\/1673\/revisions\/1675"}],"wp:attachment":[{"href":"https:\/\/kobietynauki.org\/index.php\/wp-json\/wp\/v2\/media?parent=1673"}],"wp:term":[{"taxonomy":"category","embeddable":true,"href":"https:\/\/kobietynauki.org\/index.php\/wp-json\/wp\/v2\/categories?post=1673"},{"taxonomy":"post_tag","embeddable":true,"href":"https:\/\/kobietynauki.org\/index.php\/wp-json\/wp\/v2\/tags?post=1673"}],"curies":[{"name":"wp","href":"https:\/\/api.w.org\/{rel}","templated":true}]}}