{"id":1565,"date":"2021-09-30T18:32:58","date_gmt":"2021-09-30T17:32:58","guid":{"rendered":"https:\/\/kobietynauki.org\/?p=1565"},"modified":"2021-09-30T18:40:53","modified_gmt":"2021-09-30T17:40:53","slug":"zapraszamy-na-kolejna-edycje-digital-festival","status":"publish","type":"post","link":"https:\/\/kobietynauki.org\/index.php\/2021\/09\/zapraszamy-na-kolejna-edycje-digital-festival\/","title":{"rendered":"Zapraszamy na kolejn\u0105 edycj\u0119 Digital Festival"},"content":{"rendered":"<!--themify_builder_content-->\n<div id=\"themify_builder_content-1565\" data-postid=\"1565\" class=\"themify_builder_content themify_builder_content-1565 themify_builder tf_clear\">\n                    <div  data-lazy=\"1\" class=\"module_row themify_builder_row tb_52il243 tb_first tf_w\">\n                        <div class=\"row_inner col_align_top tb_col_count_1 tf_box tf_rel\">\n                        <div  data-lazy=\"1\" class=\"module_column tb-column col-full tb_tyz2243 first\">\n                    <!-- module text -->\n<div  class=\"module module-text tb_7hwv459   \" data-lazy=\"1\">\n        <div  class=\"tb_text_wrap\">\n        <p><span style=\"font-weight: 400;\">Ju\u017c 1 pa\u017adziernika rusza 3. edycja wydarzenia, kt\u00f3rego partnerem jest nasza Fundacja:\u00a0<\/span><\/p>\n<p><a href=\"https:\/\/digitalfestival.pl\/\"><span style=\"font-weight: 400;\">https:\/\/digitalfestival.pl\/\u00a0<\/span><\/a><\/p>\n<p><span style=\"font-weight: 400;\">Organizatorzy poka\u017c\u0105, jak najlepiej i najbardziej efektywnie korzysta\u0107 z tego, co oferuj\u0105 nam nowe technologie. Mimo ich coraz bardziej powszechnej obecno\u015bci w naszym codziennym \u017cyciu ci\u0105gle jeszcze istniej\u0105 obszary i grupy, gdzie dost\u0119p do tych narz\u0119dzi jest ograniczony. Festival to szansa do nabycia i rozwini\u0119cia cyfrowych umiej\u0119tno\u015bci, a wi\u0119c te\u017c i droga do prze\u0142amywania cyfrowych barier<\/span><\/p>\n<p><span style=\"font-weight: 400;\">Digital Festival to tak\u017ce okazja do przyjrzenia si\u0119, jak odpowiedzialnie i bezpiecznie korzysta\u0107 z cyfrowych narz\u0119dzi, dzi\u0119ki zrozumieniu, jak dzia\u0142aj\u0105. Dzi\u0119ki tej wiedzy 5G i AI nie b\u0119d\u0105 ju\u017c tajemniczymi i niezrozumia\u0142ymi technologiami, odbieranymi jako zagro\u017cenie.<\/span><\/p>\n<p><span style=\"font-weight: 400;\">Warto dowiedzie\u0107 si\u0119 wi\u0119cej, \u017ceby m\u00f3c swobodnie porusza\u0107 si\u0119 w cyfrowym \u015bwiecie, bo jak pokaza\u0142a pandemia, wymuszaj\u0105c cyfrow\u0105 aktywno\u015b\u0107 na tak ogromn\u0105 skal\u0119, bez tych umiej\u0119tno\u015bci b\u0119dziemy bezradni.<\/span><\/p>    <\/div>\n<\/div>\n<!-- \/module text --><!-- module image -->\n<div  class=\"module module-image tb_t4h2778 image-center   tf_mw\" data-lazy=\"1\">\n        <div class=\"image-wrap tf_rel tf_mw\">\n            <img loading=\"lazy\" decoding=\"async\" width=\"700\" height=\"367\" src=\"https:\/\/kobietynauki.org\/wp-content\/uploads\/2021\/09\/Og\u00f3lny_digital-festival_2021_posty-sm_linkedin-fb_pl_4-1.png\" class=\"wp-post-image wp-image-1568\" title=\"Og\u00f3lny_digital festival_2021_posty sm_linkedin-fb_pl_4 (1)\" alt=\"Og\u00f3lny_digital festival_2021_posty sm_linkedin-fb_pl_4 (1)\" srcset=\"https:\/\/kobietynauki.org\/wp-content\/uploads\/2021\/09\/Og\u00f3lny_digital-festival_2021_posty-sm_linkedin-fb_pl_4-1.png 700w, https:\/\/kobietynauki.org\/wp-content\/uploads\/2021\/09\/Og\u00f3lny_digital-festival_2021_posty-sm_linkedin-fb_pl_4-1-300x157.png 300w\" sizes=\"auto, (max-width: 700px) 100vw, 700px\" \/>    \n        <\/div>\n    <!-- \/image-wrap -->\n    \n        <\/div>\n<!-- \/module image -->        <\/div>\n                        <\/div>\n        <\/div>\n        <\/div>\n<!--\/themify_builder_content-->","protected":false},"excerpt":{"rendered":"<p>Ju\u017c 1 pa\u017adziernika rusza 3. edycja wydarzenia, kt\u00f3rego partnerem jest nasza Fundacja:\u00a0 https:\/\/digitalfestival.pl\/\u00a0 Organizatorzy poka\u017c\u0105, jak najlepiej i najbardziej efektywnie korzysta\u0107 z tego, co oferuj\u0105 nam nowe technologie. Mimo ich coraz bardziej powszechnej obecno\u015bci w naszym codziennym \u017cyciu ci\u0105gle jeszcze istniej\u0105 obszary i grupy, gdzie dost\u0119p do tych narz\u0119dzi jest ograniczony. Festival to szansa do [&hellip;]<\/p>\n","protected":false},"author":5,"featured_media":0,"comment_status":"closed","ping_status":"open","sticky":false,"template":"","format":"standard","meta":{"footnotes":""},"categories":[16,4,1],"tags":[],"class_list":["post-1565","post","type-post","status-publish","format-standard","hentry","category-biznes","category-innowacje","category-nauka","has-post-title","has-post-date","has-post-category","has-post-tag","has-post-comment","has-post-author",""],"builder_content":"<p>Ju\u017c 1 pa\u017adziernika rusza 3. edycja wydarzenia, kt\u00f3rego partnerem jest nasza Fundacja:\u00a0<\/p> <p><a href=\"https:\/\/digitalfestival.pl\/\">https:\/\/digitalfestival.pl\/\u00a0<\/a><\/p> <p>Organizatorzy poka\u017c\u0105, jak najlepiej i najbardziej efektywnie korzysta\u0107 z tego, co oferuj\u0105 nam nowe technologie. Mimo ich coraz bardziej powszechnej obecno\u015bci w naszym codziennym \u017cyciu ci\u0105gle jeszcze istniej\u0105 obszary i grupy, gdzie dost\u0119p do tych narz\u0119dzi jest ograniczony. Festival to szansa do nabycia i rozwini\u0119cia cyfrowych umiej\u0119tno\u015bci, a wi\u0119c te\u017c i droga do prze\u0142amywania cyfrowych barier<\/p> <p>Digital Festival to tak\u017ce okazja do przyjrzenia si\u0119, jak odpowiedzialnie i bezpiecznie korzysta\u0107 z cyfrowych narz\u0119dzi, dzi\u0119ki zrozumieniu, jak dzia\u0142aj\u0105. Dzi\u0119ki tej wiedzy 5G i AI nie b\u0119d\u0105 ju\u017c tajemniczymi i niezrozumia\u0142ymi technologiami, odbieranymi jako zagro\u017cenie.<\/p> <p>Warto dowiedzie\u0107 si\u0119 wi\u0119cej, \u017ceby m\u00f3c swobodnie porusza\u0107 si\u0119 w cyfrowym \u015bwiecie, bo jak pokaza\u0142a pandemia, wymuszaj\u0105c cyfrow\u0105 aktywno\u015b\u0107 na tak ogromn\u0105 skal\u0119, bez tych umiej\u0119tno\u015bci b\u0119dziemy bezradni.<\/p>\n<img src=\"https:\/\/kobietynauki.org\/wp-content\/uploads\/2021\/09\/Og\u00f3lny_digital-festival_2021_posty-sm_linkedin-fb_pl_4-1.png\" title=\"Og\u00f3lny_digital festival_2021_posty sm_linkedin-fb_pl_4 (1)\" alt=\"Og\u00f3lny_digital festival_2021_posty sm_linkedin-fb_pl_4 (1)\" srcset=\"https:\/\/kobietynauki.org\/wp-content\/uploads\/2021\/09\/Og\u00f3lny_digital-festival_2021_posty-sm_linkedin-fb_pl_4-1.png 700w, https:\/\/kobietynauki.org\/wp-content\/uploads\/2021\/09\/Og\u00f3lny_digital-festival_2021_posty-sm_linkedin-fb_pl_4-1-300x157.png 300w\" sizes=\"(max-width: 700px) 100vw, 700px\" \/>","_links":{"self":[{"href":"https:\/\/kobietynauki.org\/index.php\/wp-json\/wp\/v2\/posts\/1565","targetHints":{"allow":["GET"]}}],"collection":[{"href":"https:\/\/kobietynauki.org\/index.php\/wp-json\/wp\/v2\/posts"}],"about":[{"href":"https:\/\/kobietynauki.org\/index.php\/wp-json\/wp\/v2\/types\/post"}],"author":[{"embeddable":true,"href":"https:\/\/kobietynauki.org\/index.php\/wp-json\/wp\/v2\/users\/5"}],"replies":[{"embeddable":true,"href":"https:\/\/kobietynauki.org\/index.php\/wp-json\/wp\/v2\/comments?post=1565"}],"version-history":[{"count":4,"href":"https:\/\/kobietynauki.org\/index.php\/wp-json\/wp\/v2\/posts\/1565\/revisions"}],"predecessor-version":[{"id":1570,"href":"https:\/\/kobietynauki.org\/index.php\/wp-json\/wp\/v2\/posts\/1565\/revisions\/1570"}],"wp:attachment":[{"href":"https:\/\/kobietynauki.org\/index.php\/wp-json\/wp\/v2\/media?parent=1565"}],"wp:term":[{"taxonomy":"category","embeddable":true,"href":"https:\/\/kobietynauki.org\/index.php\/wp-json\/wp\/v2\/categories?post=1565"},{"taxonomy":"post_tag","embeddable":true,"href":"https:\/\/kobietynauki.org\/index.php\/wp-json\/wp\/v2\/tags?post=1565"}],"curies":[{"name":"wp","href":"https:\/\/api.w.org\/{rel}","templated":true}]}}