{"id":1558,"date":"2021-09-10T12:35:06","date_gmt":"2021-09-10T11:35:06","guid":{"rendered":"https:\/\/kobietynauki.org\/?p=1558"},"modified":"2021-09-10T12:38:19","modified_gmt":"2021-09-10T11:38:19","slug":"fundacja-wspiera-polki-w-medycynie","status":"publish","type":"post","link":"https:\/\/kobietynauki.org\/index.php\/2021\/09\/fundacja-wspiera-polki-w-medycynie\/","title":{"rendered":"Fundacja wspiera Polki w medycynie"},"content":{"rendered":"<!--themify_builder_content-->\n<div id=\"themify_builder_content-1558\" data-postid=\"1558\" class=\"themify_builder_content themify_builder_content-1558 themify_builder tf_clear\">\n                    <div  data-lazy=\"1\" class=\"module_row themify_builder_row tb_www1502 tb_first tf_w\">\n                        <div class=\"row_inner col_align_top tb_col_count_1 tf_box tf_rel\">\n                        <div  data-lazy=\"1\" class=\"module_column tb-column col-full tb_86fk503 first\">\n                    <!-- module text -->\n<div  class=\"module module-text tb_j7ik880   \" data-lazy=\"1\">\n        <div  class=\"tb_text_wrap\">\n        <p style=\"text-align: left;\"><span style=\"font-weight: 400;\">Nasza Fundacja obj\u0119\u0142a swoim patronatem konferencj\u0119 Polki w medycynie: <\/span><a href=\"https:\/\/polkiwmedycynie.pl\/konferencja\/\"><span style=\"font-weight: 400;\">https:\/\/polkiwmedycynie.pl\/konferencja\/<\/span><\/a><\/p>\n<p style=\"text-align: left;\"><span style=\"font-weight: 400;\">Wydarzenie odb\u0119dzie si\u0119 11 wrze\u015bnia 2021 roku, organizatorzy adresuj\u0105 je nie tylko do wszystkich medyczek, ale tak\u017ce tych, kt\u00f3rzy uwa\u017caj\u0105, \u017ce wspieranie kobiet w medycynie jest wa\u017cne i tych, kt\u00f3rzy takiego wsparcia potrzebuj\u0105. Sytuacja w s\u0142u\u017cbie zdrowia oraz pandemia, z kt\u00f3r\u0105 w dalszym ci\u0105gu si\u0119 mierzymy, pokazuj\u0105, jak wa\u017cny i no\u015bny jest to temat. A poniewa\u017c jest to pierwsza konferencja w historii polskiej medycyny po\u015bwi\u0119cona rozwojowi zawodowemu kobiet pracuj\u0105cych w ochronie zdrowia, nie mog\u0142o zabrakn\u0105\u0107 wsparcia dla organizator\u00f3w ze strony naszej Fundacji. Zapraszamy serdecznie!<\/span><\/p>    <\/div>\n<\/div>\n<!-- \/module text --><!-- module image -->\n<div  class=\"module module-image tb_md9p123 image-center   tf_mw\" data-lazy=\"1\">\n        <div class=\"image-wrap tf_rel tf_mw\">\n            <img loading=\"lazy\" decoding=\"async\" width=\"800\" height=\"514\" src=\"https:\/\/kobietynauki.org\/wp-content\/uploads\/2021\/09\/PwM_ad.png\" class=\"wp-post-image wp-image-1559\" title=\"PwM_ad\" alt=\"PwM_ad\" srcset=\"https:\/\/kobietynauki.org\/wp-content\/uploads\/2021\/09\/PwM_ad.png 800w, https:\/\/kobietynauki.org\/wp-content\/uploads\/2021\/09\/PwM_ad-300x193.png 300w, https:\/\/kobietynauki.org\/wp-content\/uploads\/2021\/09\/PwM_ad-768x493.png 768w\" sizes=\"auto, (max-width: 800px) 100vw, 800px\" \/>    \n        <\/div>\n    <!-- \/image-wrap -->\n    \n        <\/div>\n<!-- \/module image -->        <\/div>\n                        <\/div>\n        <\/div>\n        <\/div>\n<!--\/themify_builder_content-->","protected":false},"excerpt":{"rendered":"<p>Nasza Fundacja obj\u0119\u0142a swoim patronatem konferencj\u0119 Polki w medycynie: https:\/\/polkiwmedycynie.pl\/konferencja\/ Wydarzenie odb\u0119dzie si\u0119 11 wrze\u015bnia 2021 roku, organizatorzy adresuj\u0105 je nie tylko do wszystkich medyczek, ale tak\u017ce tych, kt\u00f3rzy uwa\u017caj\u0105, \u017ce wspieranie kobiet w medycynie jest wa\u017cne i tych, kt\u00f3rzy takiego wsparcia potrzebuj\u0105. Sytuacja w s\u0142u\u017cbie zdrowia oraz pandemia, z kt\u00f3r\u0105 w dalszym ci\u0105gu si\u0119 [&hellip;]<\/p>\n","protected":false},"author":5,"featured_media":0,"comment_status":"closed","ping_status":"open","sticky":false,"template":"","format":"standard","meta":{"footnotes":""},"categories":[11,10,1],"tags":[],"class_list":["post-1558","post","type-post","status-publish","format-standard","hentry","category-gender","category-konferencja","category-nauka","has-post-title","has-post-date","has-post-category","has-post-tag","has-post-comment","has-post-author",""],"builder_content":"<p style=\"text-align: left;\">Nasza Fundacja obj\u0119\u0142a swoim patronatem konferencj\u0119 Polki w medycynie: <a href=\"https:\/\/polkiwmedycynie.pl\/konferencja\/\">https:\/\/polkiwmedycynie.pl\/konferencja\/<\/a><\/p> <p style=\"text-align: left;\">Wydarzenie odb\u0119dzie si\u0119 11 wrze\u015bnia 2021 roku, organizatorzy adresuj\u0105 je nie tylko do wszystkich medyczek, ale tak\u017ce tych, kt\u00f3rzy uwa\u017caj\u0105, \u017ce wspieranie kobiet w medycynie jest wa\u017cne i tych, kt\u00f3rzy takiego wsparcia potrzebuj\u0105. Sytuacja w s\u0142u\u017cbie zdrowia oraz pandemia, z kt\u00f3r\u0105 w dalszym ci\u0105gu si\u0119 mierzymy, pokazuj\u0105, jak wa\u017cny i no\u015bny jest to temat. A poniewa\u017c jest to pierwsza konferencja w historii polskiej medycyny po\u015bwi\u0119cona rozwojowi zawodowemu kobiet pracuj\u0105cych w ochronie zdrowia, nie mog\u0142o zabrakn\u0105\u0107 wsparcia dla organizator\u00f3w ze strony naszej Fundacji. Zapraszamy serdecznie!<\/p>\n<img src=\"https:\/\/kobietynauki.org\/wp-content\/uploads\/2021\/09\/PwM_ad.png\" title=\"PwM_ad\" alt=\"PwM_ad\" srcset=\"https:\/\/kobietynauki.org\/wp-content\/uploads\/2021\/09\/PwM_ad.png 800w, https:\/\/kobietynauki.org\/wp-content\/uploads\/2021\/09\/PwM_ad-300x193.png 300w, https:\/\/kobietynauki.org\/wp-content\/uploads\/2021\/09\/PwM_ad-768x493.png 768w\" sizes=\"(max-width: 800px) 100vw, 800px\" \/>","_links":{"self":[{"href":"https:\/\/kobietynauki.org\/index.php\/wp-json\/wp\/v2\/posts\/1558","targetHints":{"allow":["GET"]}}],"collection":[{"href":"https:\/\/kobietynauki.org\/index.php\/wp-json\/wp\/v2\/posts"}],"about":[{"href":"https:\/\/kobietynauki.org\/index.php\/wp-json\/wp\/v2\/types\/post"}],"author":[{"embeddable":true,"href":"https:\/\/kobietynauki.org\/index.php\/wp-json\/wp\/v2\/users\/5"}],"replies":[{"embeddable":true,"href":"https:\/\/kobietynauki.org\/index.php\/wp-json\/wp\/v2\/comments?post=1558"}],"version-history":[{"count":2,"href":"https:\/\/kobietynauki.org\/index.php\/wp-json\/wp\/v2\/posts\/1558\/revisions"}],"predecessor-version":[{"id":1561,"href":"https:\/\/kobietynauki.org\/index.php\/wp-json\/wp\/v2\/posts\/1558\/revisions\/1561"}],"wp:attachment":[{"href":"https:\/\/kobietynauki.org\/index.php\/wp-json\/wp\/v2\/media?parent=1558"}],"wp:term":[{"taxonomy":"category","embeddable":true,"href":"https:\/\/kobietynauki.org\/index.php\/wp-json\/wp\/v2\/categories?post=1558"},{"taxonomy":"post_tag","embeddable":true,"href":"https:\/\/kobietynauki.org\/index.php\/wp-json\/wp\/v2\/tags?post=1558"}],"curies":[{"name":"wp","href":"https:\/\/api.w.org\/{rel}","templated":true}]}}