{"id":1545,"date":"2021-07-26T21:53:29","date_gmt":"2021-07-26T20:53:29","guid":{"rendered":"https:\/\/kobietynauki.org\/?p=1545"},"modified":"2021-07-26T21:54:34","modified_gmt":"2021-07-26T20:54:34","slug":"nasza-fundacja-wsrod-partnerow-targow-hercareer","status":"publish","type":"post","link":"https:\/\/kobietynauki.org\/index.php\/2021\/07\/nasza-fundacja-wsrod-partnerow-targow-hercareer\/","title":{"rendered":"Nasza Fundacja w\u015br\u00f3d partner\u00f3w targ\u00f3w herCAREER"},"content":{"rendered":"<!--themify_builder_content-->\n<div id=\"themify_builder_content-1545\" data-postid=\"1545\" class=\"themify_builder_content themify_builder_content-1545 themify_builder tf_clear\">\n                    <div  data-lazy=\"1\" class=\"module_row themify_builder_row tb_htdq603 tb_first tf_w\">\n                        <div class=\"row_inner col_align_top tb_col_count_1 tf_box tf_rel\">\n                        <div  data-lazy=\"1\" class=\"module_column tb-column col-full tb_q4i7603 first\">\n                    <!-- module text -->\n<div  class=\"module module-text tb_jrny717   \" data-lazy=\"1\">\n        <div  class=\"tb_text_wrap\">\n        <p><span style=\"font-weight: 400;\">Mi\u0142o nam og\u0142osi\u0107, \u017ce nasza Fundacja znalaz\u0142a si\u0119 w gronie partner\u00f3w herCAREER, targ\u00f3w\u00a0 kariery, kt\u00f3re odb\u0119d\u0105 si\u0119 w Monachium 16-17 wrze\u015bnia 2021. Wydarzenie adresowane jest zar\u00f3wno do kobiet dopiero wkraczaj\u0105cych na \u015bcie\u017ck\u0119 kariery zawodowej, jak i tych poszukuj\u0105cych nowych mo\u017cliwo\u015bci, impulsu dla nadania swojej karierze dynamiki albo zupe\u0142nie nowego kierunku swojego profesjonalnego rozwoju. Organizatorzy kieruj\u0105 zaproszenie do absolwentek, specjalistek reprezentuj\u0105cych r\u00f3\u017cne dziedziny, managerek i wynalazczy\u0144:<\/span><\/p><p><a href=\"https:\/\/www.her-career.com\/en\/hercareer\/\"><span style=\"font-weight: 400;\">https:\/\/www.her-career.com\/en\/hercareer\/<\/span><\/a><\/p><p><span style=\"font-weight: 400;\">Pomys\u0142 tak szerokiej oferty i koncepcja organizacyjna powsta\u0142a w ramach mi\u0119dzynarodowej platformy pod nazw\u0105 herCAREER, \u0142\u0105cz\u0105cej profesjonalistki i liderki: przedsi\u0119biorczynie, naukowczynie i polityczki, kt\u00f3rym, podobnie jak naszej Fundacji, bliska jest idea wsp\u00f3\u0142pracy i wzajemnego wspierania si\u0119 kobiet na r\u00f3\u017cnych polach, motywowania ich do dzia\u0142ania i d\u0105\u017cenia do zawodowego i \u017cyciowego sukcesu:\u00a0<\/span><\/p><p><a href=\"https:\/\/www.her-career.com\/en\/community\/\"><span style=\"font-weight: 400;\">https:\/\/www.her-career.com\/en\/community\/<\/span><\/a><\/p><p><span style=\"font-weight: 400;\">Zapraszamy do udzia\u0142u w targach &#8211; w ramach naszej wsp\u00f3\u0142pracy z herCAREER dla naszych wsp\u00f3\u0142pracowniczek i obserwatorek mamy darmowe bilety na wybrany dzie\u0144 targ\u00f3w i atrakcyjne zni\u017cki.<\/span><\/p><p><span style=\"font-weight: 400;\">Szczeg\u00f3\u0142y wkr\u00f3tce. <\/span><\/p>    <\/div>\n<\/div>\n<!-- \/module text -->        <\/div>\n                        <\/div>\n        <\/div>\n        <\/div>\n<!--\/themify_builder_content-->","protected":false},"excerpt":{"rendered":"<p>Mi\u0142o nam og\u0142osi\u0107, \u017ce nasza Fundacja znalaz\u0142a si\u0119 w gronie partner\u00f3w herCAREER, targ\u00f3w\u00a0 kariery, kt\u00f3re odb\u0119d\u0105 si\u0119 w Monachium 16-17 wrze\u015bnia 2021. Wydarzenie adresowane jest zar\u00f3wno do kobiet dopiero wkraczaj\u0105cych na \u015bcie\u017ck\u0119 kariery zawodowej, jak i tych poszukuj\u0105cych nowych mo\u017cliwo\u015bci, impulsu dla nadania swojej karierze dynamiki albo zupe\u0142nie nowego kierunku swojego profesjonalnego rozwoju. Organizatorzy kieruj\u0105 [&hellip;]<\/p>\n","protected":false},"author":5,"featured_media":0,"comment_status":"closed","ping_status":"open","sticky":false,"template":"","format":"standard","meta":{"footnotes":""},"categories":[16,11,1],"tags":[],"class_list":["post-1545","post","type-post","status-publish","format-standard","hentry","category-biznes","category-gender","category-nauka","has-post-title","has-post-date","has-post-category","has-post-tag","has-post-comment","has-post-author",""],"builder_content":"<p>Mi\u0142o nam og\u0142osi\u0107, \u017ce nasza Fundacja znalaz\u0142a si\u0119 w gronie partner\u00f3w herCAREER, targ\u00f3w\u00a0 kariery, kt\u00f3re odb\u0119d\u0105 si\u0119 w Monachium 16-17 wrze\u015bnia 2021. Wydarzenie adresowane jest zar\u00f3wno do kobiet dopiero wkraczaj\u0105cych na \u015bcie\u017ck\u0119 kariery zawodowej, jak i tych poszukuj\u0105cych nowych mo\u017cliwo\u015bci, impulsu dla nadania swojej karierze dynamiki albo zupe\u0142nie nowego kierunku swojego profesjonalnego rozwoju. Organizatorzy kieruj\u0105 zaproszenie do absolwentek, specjalistek reprezentuj\u0105cych r\u00f3\u017cne dziedziny, managerek i wynalazczy\u0144:<\/p><p><a href=\"https:\/\/www.her-career.com\/en\/hercareer\/\">https:\/\/www.her-career.com\/en\/hercareer\/<\/a><\/p><p>Pomys\u0142 tak szerokiej oferty i koncepcja organizacyjna powsta\u0142a w ramach mi\u0119dzynarodowej platformy pod nazw\u0105 herCAREER, \u0142\u0105cz\u0105cej profesjonalistki i liderki: przedsi\u0119biorczynie, naukowczynie i polityczki, kt\u00f3rym, podobnie jak naszej Fundacji, bliska jest idea wsp\u00f3\u0142pracy i wzajemnego wspierania si\u0119 kobiet na r\u00f3\u017cnych polach, motywowania ich do dzia\u0142ania i d\u0105\u017cenia do zawodowego i \u017cyciowego sukcesu:\u00a0<\/p><p><a href=\"https:\/\/www.her-career.com\/en\/community\/\">https:\/\/www.her-career.com\/en\/community\/<\/a><\/p><p>Zapraszamy do udzia\u0142u w targach - w ramach naszej wsp\u00f3\u0142pracy z herCAREER dla naszych wsp\u00f3\u0142pracowniczek i obserwatorek mamy darmowe bilety na wybrany dzie\u0144 targ\u00f3w i atrakcyjne zni\u017cki.<\/p><p>Szczeg\u00f3\u0142y wkr\u00f3tce. <\/p>","_links":{"self":[{"href":"https:\/\/kobietynauki.org\/index.php\/wp-json\/wp\/v2\/posts\/1545","targetHints":{"allow":["GET"]}}],"collection":[{"href":"https:\/\/kobietynauki.org\/index.php\/wp-json\/wp\/v2\/posts"}],"about":[{"href":"https:\/\/kobietynauki.org\/index.php\/wp-json\/wp\/v2\/types\/post"}],"author":[{"embeddable":true,"href":"https:\/\/kobietynauki.org\/index.php\/wp-json\/wp\/v2\/users\/5"}],"replies":[{"embeddable":true,"href":"https:\/\/kobietynauki.org\/index.php\/wp-json\/wp\/v2\/comments?post=1545"}],"version-history":[{"count":3,"href":"https:\/\/kobietynauki.org\/index.php\/wp-json\/wp\/v2\/posts\/1545\/revisions"}],"predecessor-version":[{"id":1548,"href":"https:\/\/kobietynauki.org\/index.php\/wp-json\/wp\/v2\/posts\/1545\/revisions\/1548"}],"wp:attachment":[{"href":"https:\/\/kobietynauki.org\/index.php\/wp-json\/wp\/v2\/media?parent=1545"}],"wp:term":[{"taxonomy":"category","embeddable":true,"href":"https:\/\/kobietynauki.org\/index.php\/wp-json\/wp\/v2\/categories?post=1545"},{"taxonomy":"post_tag","embeddable":true,"href":"https:\/\/kobietynauki.org\/index.php\/wp-json\/wp\/v2\/tags?post=1545"}],"curies":[{"name":"wp","href":"https:\/\/api.w.org\/{rel}","templated":true}]}}