{"id":1375,"date":"2020-04-16T20:48:45","date_gmt":"2020-04-16T18:48:45","guid":{"rendered":"https:\/\/kobietynauki.org\/?p=1375"},"modified":"2020-08-02T00:41:30","modified_gmt":"2020-08-01T22:41:30","slug":"xii-edycja-konkursu-innowacja-jest-kobieta","status":"publish","type":"post","link":"https:\/\/kobietynauki.org\/index.php\/2020\/04\/xii-edycja-konkursu-innowacja-jest-kobieta\/","title":{"rendered":"XII edycja konkursu \u201cInnowacja jest Kobiet\u0105\u201d &#8211; aktualizacja"},"content":{"rendered":"<!--themify_builder_content-->\n<div id=\"themify_builder_content-1375\" data-postid=\"1375\" class=\"themify_builder_content themify_builder_content-1375 themify_builder tf_clear\">\n                    <div  data-lazy=\"1\" class=\"module_row themify_builder_row tb_334b7c1 tb_first tf_w\">\n                        <div class=\"row_inner col_align_top tb_col_count_1 tf_box tf_rel\">\n                        <div  data-lazy=\"1\" class=\"module_column tb-column col-full tb_26fa2d9 first\">\n                    <!-- module text -->\n<div  class=\"module module-text tb_12747c0  repeat \" data-lazy=\"1\">\n        <div  class=\"tb_text_wrap\">\n        <p><span style=\"font-weight: 400;\">Z uwagi na panuj\u0105c\u0105 sytuacj\u0119 epidemiczn\u0105 i oczywiste w tych warunkach ograniczenia, zmianie uleg\u0142 planowany na 9-11 czerwca tego roku termin <\/span><span style=\"font-weight: 400;\">III Mi\u0119dzynarodowej Wystawy Technicznych Innowacji, Patent\u00f3w i Wynalazk\u00f3w \u201eINVENT ARENA\u201d w Trzy\u0144cu w Republice Czeskiej. Udzia\u0142 w tym wydarzeniu mia\u0142 by\u0107 nagrod\u0105 dla zwyci\u0119\u017cczy\u0144 bie\u017c\u0105cej edycji naszego Konkursu \u201cInnowacja jest Kobiet\u0105\u201d. Impreza odb\u0119dzie si\u0119 w dniach 8-10 czerwca 2021 roku.\u00a0<\/span><\/p><p><span style=\"font-weight: 400;\">Ze wzgl\u0119du na badaczki i wynalazczynie, kt\u00f3re przes\u0142a\u0142y do nas swoje zg\u0142oszenia, jest nam niezmiernie przykro, \u017ce Wystawa nie dojdzie do skutku. Chcemy jednocze\u015bnie podzi\u0119kowa\u0107 uczestniczkom Konkursu za zrozumienie, jakim si\u0119 wykaza\u0142y w zaistnia\u0142ych okoliczno\u015bciach.<\/span><\/p><p><span style=\"font-weight: 400;\">Informujemy r\u00f3wnie\u017c, \u017ce Zarz\u0105d naszej Fundacji podj\u0105\u0142 decyzj\u0119 o zawieszeniu tej edycji Konkursu do odwo\u0142ania.<\/span><\/p>    <\/div>\n<\/div>\n<!-- \/module text -->        <\/div>\n                        <\/div>\n        <\/div>\n                        <div  data-lazy=\"1\" class=\"module_row themify_builder_row tb_f64e902 tf_w\">\n                        <div class=\"row_inner col_align_top tb_col_count_1 tf_box tf_rel\">\n                        <div  data-lazy=\"1\" class=\"module_column tb-column col-full tb_59bfdb8 first\">\n                    <!-- module image -->\n<div  class=\"module module-image tb_759d6e8 image-center   tf_mw\" data-lazy=\"1\">\n        <div class=\"image-wrap tf_rel tf_mw\">\n            <img loading=\"lazy\" decoding=\"async\" width=\"800\" height=\"600\" src=\"https:\/\/kobietynauki.org\/wp-content\/uploads\/2020\/04\/1-image-Coronavirus-MERS-CoV.jpg\" class=\"wp-post-image wp-image-1381\" title=\"1 image Coronavirus MERS CoV\" alt=\"1 image Coronavirus MERS CoV\" srcset=\"https:\/\/kobietynauki.org\/wp-content\/uploads\/2020\/04\/1-image-Coronavirus-MERS-CoV.jpg 800w, https:\/\/kobietynauki.org\/wp-content\/uploads\/2020\/04\/1-image-Coronavirus-MERS-CoV-300x225.jpg 300w, https:\/\/kobietynauki.org\/wp-content\/uploads\/2020\/04\/1-image-Coronavirus-MERS-CoV-768x576.jpg 768w\" sizes=\"auto, (max-width: 800px) 100vw, 800px\" \/>    \n        <\/div>\n    <!-- \/image-wrap -->\n    \n        <\/div>\n<!-- \/module image -->        <\/div>\n                        <\/div>\n        <\/div>\n        <\/div>\n<!--\/themify_builder_content-->","protected":false},"excerpt":{"rendered":"<p>Z uwagi na panuj\u0105c\u0105 sytuacj\u0119 epidemiczn\u0105 i oczywiste w tych warunkach ograniczenia, zmianie uleg\u0142 planowany na 9-11 czerwca tego roku termin III Mi\u0119dzynarodowej Wystawy Technicznych Innowacji, Patent\u00f3w i Wynalazk\u00f3w \u201eINVENT ARENA\u201d w Trzy\u0144cu w Republice Czeskiej. Udzia\u0142 w tym wydarzeniu mia\u0142 by\u0107 nagrod\u0105 dla zwyci\u0119\u017cczy\u0144 bie\u017c\u0105cej edycji naszego Konkursu \u201cInnowacja jest Kobiet\u0105\u201d. Impreza odb\u0119dzie si\u0119 [&hellip;]<\/p>\n","protected":false},"author":3,"featured_media":0,"comment_status":"closed","ping_status":"open","sticky":false,"template":"","format":"standard","meta":{"footnotes":""},"categories":[11,4,14,1],"tags":[],"class_list":["post-1375","post","type-post","status-publish","format-standard","hentry","category-gender","category-innowacje","category-konkurs","category-nauka","has-post-title","has-post-date","has-post-category","has-post-tag","has-post-comment","has-post-author",""],"builder_content":"<p>Z uwagi na panuj\u0105c\u0105 sytuacj\u0119 epidemiczn\u0105 i oczywiste w tych warunkach ograniczenia, zmianie uleg\u0142 planowany na 9-11 czerwca tego roku termin III Mi\u0119dzynarodowej Wystawy Technicznych Innowacji, Patent\u00f3w i Wynalazk\u00f3w \u201eINVENT ARENA\u201d w Trzy\u0144cu w Republice Czeskiej. Udzia\u0142 w tym wydarzeniu mia\u0142 by\u0107 nagrod\u0105 dla zwyci\u0119\u017cczy\u0144 bie\u017c\u0105cej edycji naszego Konkursu \u201cInnowacja jest Kobiet\u0105\u201d. Impreza odb\u0119dzie si\u0119 w dniach 8-10 czerwca 2021 roku.\u00a0<\/p><p>Ze wzgl\u0119du na badaczki i wynalazczynie, kt\u00f3re przes\u0142a\u0142y do nas swoje zg\u0142oszenia, jest nam niezmiernie przykro, \u017ce Wystawa nie dojdzie do skutku. Chcemy jednocze\u015bnie podzi\u0119kowa\u0107 uczestniczkom Konkursu za zrozumienie, jakim si\u0119 wykaza\u0142y w zaistnia\u0142ych okoliczno\u015bciach.<\/p><p>Informujemy r\u00f3wnie\u017c, \u017ce Zarz\u0105d naszej Fundacji podj\u0105\u0142 decyzj\u0119 o zawieszeniu tej edycji Konkursu do odwo\u0142ania.<\/p>\n<img src=\"https:\/\/kobietynauki.org\/wp-content\/uploads\/2020\/04\/1-image-Coronavirus-MERS-CoV.jpg\" title=\"1 image Coronavirus MERS CoV\" alt=\"1 image Coronavirus MERS CoV\" srcset=\"https:\/\/kobietynauki.org\/wp-content\/uploads\/2020\/04\/1-image-Coronavirus-MERS-CoV.jpg 800w, https:\/\/kobietynauki.org\/wp-content\/uploads\/2020\/04\/1-image-Coronavirus-MERS-CoV-300x225.jpg 300w, https:\/\/kobietynauki.org\/wp-content\/uploads\/2020\/04\/1-image-Coronavirus-MERS-CoV-768x576.jpg 768w\" sizes=\"(max-width: 800px) 100vw, 800px\" \/>","_links":{"self":[{"href":"https:\/\/kobietynauki.org\/index.php\/wp-json\/wp\/v2\/posts\/1375","targetHints":{"allow":["GET"]}}],"collection":[{"href":"https:\/\/kobietynauki.org\/index.php\/wp-json\/wp\/v2\/posts"}],"about":[{"href":"https:\/\/kobietynauki.org\/index.php\/wp-json\/wp\/v2\/types\/post"}],"author":[{"embeddable":true,"href":"https:\/\/kobietynauki.org\/index.php\/wp-json\/wp\/v2\/users\/3"}],"replies":[{"embeddable":true,"href":"https:\/\/kobietynauki.org\/index.php\/wp-json\/wp\/v2\/comments?post=1375"}],"version-history":[{"count":15,"href":"https:\/\/kobietynauki.org\/index.php\/wp-json\/wp\/v2\/posts\/1375\/revisions"}],"predecessor-version":[{"id":1391,"href":"https:\/\/kobietynauki.org\/index.php\/wp-json\/wp\/v2\/posts\/1375\/revisions\/1391"}],"wp:attachment":[{"href":"https:\/\/kobietynauki.org\/index.php\/wp-json\/wp\/v2\/media?parent=1375"}],"wp:term":[{"taxonomy":"category","embeddable":true,"href":"https:\/\/kobietynauki.org\/index.php\/wp-json\/wp\/v2\/categories?post=1375"},{"taxonomy":"post_tag","embeddable":true,"href":"https:\/\/kobietynauki.org\/index.php\/wp-json\/wp\/v2\/tags?post=1375"}],"curies":[{"name":"wp","href":"https:\/\/api.w.org\/{rel}","templated":true}]}}